{"id":12214,"date":"2017-10-19T10:40:07","date_gmt":"2017-10-19T08:40:07","guid":{"rendered":"https:\/\/www.campuseducacion.com\/blog\/?p=12214"},"modified":"2018-12-20T20:13:59","modified_gmt":"2018-12-20T19:13:59","slug":"oposiciones-cantabria-2018-se-convocaran-352-plazas-secundaria","status":"publish","type":"post","link":"https:\/\/www.campuseducacion.com\/blog\/oposiciones\/comunidades\/cantabria\/oposiciones-cantabria-2018-se-convocaran-352-plazas-secundaria\/","title":{"rendered":"Oposiciones Cantabria 2018: Se convocar\u00e1n 352 plazas para Secundaria"},"content":{"rendered":"<p>La Consejer\u00eda de Educaci\u00f3n del Gobierno de <strong>Cantabria<\/strong> <strong>duplica la oferta de plazas<\/strong> para las <strong>Oposiciones de 2018<\/strong> con respecto a la \u00faltima convocatoria realizada en 2016.<\/p>\n<span class='bctt-click-to-tweet'><span class='bctt-ctt-text'><a href='https:\/\/x.com\/intent\/tweet?url=https%3A%2F%2Fwww.campuseducacion.com%2Fblog%2Foposiciones%2Fcomunidades%2Fcantabria%2Foposiciones-cantabria-2018-se-convocaran-352-plazas-secundaria%2F&#038;text=Se%20convocar%C3%A1n%20352%20plazas%20de%20%23Secundaria%20para%20las%20%23Oposiciones2018%20en%20%23Cantabria&#038;via=Campuseducacion&#038;related=Campuseducacion' target='_blank'rel=\"noopener noreferrer\">Se convocar\u00e1n 352 plazas de #Secundaria para las #Oposiciones2018 en #Cantabria <\/a><\/span><a href='https:\/\/x.com\/intent\/tweet?url=https%3A%2F%2Fwww.campuseducacion.com%2Fblog%2Foposiciones%2Fcomunidades%2Fcantabria%2Foposiciones-cantabria-2018-se-convocaran-352-plazas-secundaria%2F&#038;text=Se%20convocar%C3%A1n%20352%20plazas%20de%20%23Secundaria%20para%20las%20%23Oposiciones2018%20en%20%23Cantabria&#038;via=Campuseducacion&#038;related=Campuseducacion' target='_blank' class='bctt-ctt-btn'rel=\"noopener noreferrer\">Compartir en X<\/a><\/span>\n<p>Se espera una amplia oferta de plazas para diferentes cuerpos y especialidades del profesorado de <strong>Ense\u00f1anzas Medias<\/strong>.<\/p>\n<p>El reparto de <strong>plazas por especialidades<\/strong>, por el momento, queda as\u00ed:<\/p>\n<ul>\n<li><strong>Cuerpo de Profesores de Ense\u00f1anza Secundaria<\/strong>\n<ul>\n<li>Lengua y Literatura: 53 plazas<\/li>\n<li>Matem\u00e1ticas: 40 plazas<\/li>\n<li>Geograf\u00eda e Historia: 40 plazas<\/li>\n<li>F\u00edsica y Qu\u00edmica: 35 plazas<\/li>\n<li>Ingl\u00e9s: 32 plazas<\/li>\n<li>Franc\u00e9s: 10 plazas<\/li>\n<li>Tecnolog\u00eda: 26 plazas<\/li>\n<li>Orientaci\u00f3n Educativa: 27 plazas<\/li>\n<li>Educaci\u00f3n F\u00edsica: 15 plazas<\/li>\n<li>Formaci\u00f3n y Orientaci\u00f3n: 12 plazas<\/li>\n<li>Intervenci\u00f3n Sociocomunitaria: 10 plazas<\/li>\n<li>Inform\u00e1tica: 12 plazas<\/li>\n<li>Filosof\u00eda: 10 plazas<\/li>\n<li>Dibujo: 10 plazas<\/li>\n<\/ul>\n<\/li>\n<li><strong>Cuerpo de Profesores T\u00e9cnicos de Formaci\u00f3n Profesional<\/strong>\n<ul>\n<li>Servicios a la Comunidad: 12 plazas<\/li>\n<li>Cocina y Pasteler\u00eda: 9 plazas<\/li>\n<li>Sistemas y Aplicaciones Inform\u00e1ticas: 8 plazas<\/li>\n<li>Instalaciones Electrot\u00e9cnicas: 6 plazas<\/li>\n<li>Mantenimiento de Veh\u00edculos: 6 plazas<\/li>\n<li>Operaciones de Producci\u00f3n Agraria: 6 plazas<\/li>\n<li>Procedimientos Sanitarios y Asistenciales: 6 plazas<\/li>\n<li>Procesos de Gesti\u00f3n Administrativa: 6 plazas<\/li>\n<li>Peluquer\u00eda: 2 plazas<\/li>\n<li>Soldadura: 1 plaza<\/li>\n<\/ul>\n<\/li>\n<\/ul>\n<blockquote class=\"td_pull_quote td_pull_center\"><p>Queremos hacer una oferta lo m\u00e1s generosa posible. &#8211; Francisco Fern\u00e1ndez Ma\u00f1anes. Departamento de Educaci\u00f3n del Gobierno de Cantabria<\/p><\/blockquote>\n<p>Por tanto, <strong>en 2018 en Cantabria habr\u00e1 Oposiciones para Educaci\u00f3n Secundaria<\/strong> y en <strong>2019 habr\u00e1 Oposiciones para Maestros<\/strong>.<\/p>\n<p style=\"text-align: center;\">&#8212;<\/p>\n<p style=\"text-align: center;\"><span style=\"color: #339966;\"><strong>\u00bfA qu\u00e9 esperas para completar tu formaci\u00f3n y obtener una plaza?<\/strong><\/span><\/p>\n<p style=\"text-align: center;\">Realiza alguno de nuestros <strong><a href=\"https:\/\/www.campuseducacion.com\/cursos-homologados\/oposiciones-maestros-profesores\" target=\"_blank\" rel=\"noopener\">Cursos Homologados Online<\/a><\/strong> adaptados para Cantabria y\u00a0<strong>completa tu baremo a tiempo<\/strong>.<\/p>\n<p><a href=\"https:\/\/www.campuseducacion.com\/cursos-homologados\/matricula\" target=\"_blank\" rel=\"noopener\"><img loading=\"lazy\" decoding=\"async\" class=\"aligncenter wp-image-8187 size-full\" src=\"https:\/\/www.campuseducacion.com\/blog\/wp-content\/uploads\/2016\/11\/banner_Asistente-de-Matr\u00edcula.jpg\" alt=\"cursos homologados\" width=\"576\" height=\"135\" srcset=\"https:\/\/www.campuseducacion.com\/blog\/wp-content\/uploads\/2016\/11\/banner_Asistente-de-Matr\u00edcula.jpg 576w, https:\/\/www.campuseducacion.com\/blog\/wp-content\/uploads\/2016\/11\/banner_Asistente-de-Matr\u00edcula-150x35.jpg 150w, https:\/\/www.campuseducacion.com\/blog\/wp-content\/uploads\/2016\/11\/banner_Asistente-de-Matr\u00edcula-300x70.jpg 300w\" sizes=\"auto, (max-width: 576px) 100vw, 576px\" \/><\/a><\/p>\n<p style=\"text-align: center;\"><span style=\"color: #993366;\"><strong>\u00bfQuieres saber si habr\u00e1 Oposiciones en otras Comunidades Aut\u00f3nomas?\u00a0<\/strong><\/span><\/p>\n<p><a href=\"https:\/\/www.campuseducacion.com\/blog\/destacados\/oposiciones-educacion-2018-mapa-actualizado-convocatorias\/\" target=\"_blank\" rel=\"noopener\"><img loading=\"lazy\" decoding=\"async\" class=\"aligncenter wp-image-12080 \" src=\"https:\/\/www.campuseducacion.com\/blog\/wp-content\/uploads\/2017\/10\/mapa-blog.jpg\" alt=\"Mapa actualizado de convocatorias\" width=\"525\" height=\"253\" srcset=\"https:\/\/www.campuseducacion.com\/blog\/wp-content\/uploads\/2017\/10\/mapa-blog.jpg 697w, https:\/\/www.campuseducacion.com\/blog\/wp-content\/uploads\/2017\/10\/mapa-blog-150x72.jpg 150w, https:\/\/www.campuseducacion.com\/blog\/wp-content\/uploads\/2017\/10\/mapa-blog-300x144.jpg 300w, https:\/\/www.campuseducacion.com\/blog\/wp-content\/uploads\/2017\/10\/mapa-blog-600x288.jpg 600w, https:\/\/www.campuseducacion.com\/blog\/wp-content\/uploads\/2017\/10\/mapa-blog-696x335.jpg 696w\" sizes=\"auto, (max-width: 525px) 100vw, 525px\" \/><\/a><\/p>\n<p><strong>Fuente:<\/strong> <a href=\"http:\/\/www.eldiario.es\/norte\/cantabria\/ultima-hora\/Cantabria-propone-plazas-docentes-proximo_0_698531016.html\" target=\"_blank\" rel=\"noopener\">Eldiario.es<\/a><\/p>\n\n\n<div class=\"kk-star-ratings kksr-auto kksr-align-left kksr-valign-bottom\"\n    data-payload='{&quot;align&quot;:&quot;left&quot;,&quot;id&quot;:&quot;12214&quot;,&quot;slug&quot;:&quot;default&quot;,&quot;valign&quot;:&quot;bottom&quot;,&quot;ignore&quot;:&quot;&quot;,&quot;reference&quot;:&quot;auto&quot;,&quot;class&quot;:&quot;&quot;,&quot;count&quot;:&quot;1&quot;,&quot;legendonly&quot;:&quot;&quot;,&quot;readonly&quot;:&quot;&quot;,&quot;score&quot;:&quot;2&quot;,&quot;starsonly&quot;:&quot;&quot;,&quot;best&quot;:&quot;5&quot;,&quot;gap&quot;:&quot;5&quot;,&quot;greet&quot;:&quot;&quot;,&quot;legend&quot;:&quot;2\\\/5 - (1 voto)&quot;,&quot;size&quot;:&quot;15&quot;,&quot;title&quot;:&quot;Oposiciones Cantabria 2018: Se convocar\u00e1n 352 plazas para Secundaria&quot;,&quot;width&quot;:&quot;37.5&quot;,&quot;_legend&quot;:&quot;{score}\\\/{best} - ({count} {votes})&quot;,&quot;font_factor&quot;:&quot;1.25&quot;}'>\n            \n<div class=\"kksr-stars\">\n    \n<div class=\"kksr-stars-inactive\">\n            <div class=\"kksr-star\" data-star=\"1\" style=\"padding-right: 5px\">\n            \n\n<div class=\"kksr-icon\" style=\"width: 15px; height: 15px;\"><\/div>\n        <\/div>\n            <div class=\"kksr-star\" data-star=\"2\" style=\"padding-right: 5px\">\n            \n\n<div class=\"kksr-icon\" style=\"width: 15px; height: 15px;\"><\/div>\n        <\/div>\n            <div class=\"kksr-star\" data-star=\"3\" style=\"padding-right: 5px\">\n            \n\n<div class=\"kksr-icon\" style=\"width: 15px; height: 15px;\"><\/div>\n        <\/div>\n            <div class=\"kksr-star\" data-star=\"4\" style=\"padding-right: 5px\">\n            \n\n<div class=\"kksr-icon\" style=\"width: 15px; height: 15px;\"><\/div>\n        <\/div>\n            <div class=\"kksr-star\" data-star=\"5\" style=\"padding-right: 5px\">\n            \n\n<div class=\"kksr-icon\" style=\"width: 15px; height: 15px;\"><\/div>\n        <\/div>\n    <\/div>\n    \n<div class=\"kksr-stars-active\" style=\"width: 37.5px;\">\n            <div class=\"kksr-star\" style=\"padding-right: 5px\">\n            \n\n<div class=\"kksr-icon\" style=\"width: 15px; height: 15px;\"><\/div>\n        <\/div>\n            <div class=\"kksr-star\" style=\"padding-right: 5px\">\n            \n\n<div class=\"kksr-icon\" style=\"width: 15px; height: 15px;\"><\/div>\n        <\/div>\n            <div class=\"kksr-star\" style=\"padding-right: 5px\">\n            \n\n<div class=\"kksr-icon\" style=\"width: 15px; height: 15px;\"><\/div>\n        <\/div>\n            <div class=\"kksr-star\" style=\"padding-right: 5px\">\n            \n\n<div class=\"kksr-icon\" style=\"width: 15px; height: 15px;\"><\/div>\n        <\/div>\n            <div class=\"kksr-star\" style=\"padding-right: 5px\">\n            \n\n<div class=\"kksr-icon\" style=\"width: 15px; height: 15px;\"><\/div>\n        <\/div>\n    <\/div>\n<\/div>\n                \n\n<div class=\"kksr-legend\" style=\"font-size: 12px;\">\n            2\/5 - (1 voto)    <\/div>\n    <\/div>\n","protected":false},"excerpt":{"rendered":"<p>La Consejer\u00eda de Educaci\u00f3n del Gobierno de Cantabria duplica la oferta de plazas para las Oposiciones de 2018 con respecto a la \u00faltima convocatoria realizada en 2016. Se espera una amplia oferta de plazas para diferentes cuerpos y especialidades del profesorado de Ense\u00f1anzas Medias. El reparto de plazas por especialidades, por el momento, queda as\u00ed: [&hellip;]<\/p>\n","protected":false},"author":7,"featured_media":12215,"comment_status":"open","ping_status":"open","sticky":false,"template":"","format":"imagen","meta":{"tdm_status":"","tdm_grid_status":"","footnotes":""},"categories":[47,17,946,947],"tags":[490,298],"class_list":{"0":"post-12214","1":"post","2":"type-post","3":"status-publish","4":"format-imagen","5":"has-post-thumbnail","7":"category-oposiciones","8":"category-cantabria","9":"category-oposiciones-maestros-2019","10":"category-oposiciones-secundaria-2018","11":"tag-oferta-de-empleo-publico","12":"tag-plazas","13":"post_format-imagen"},"yoast_head":"<!-- This site is optimized with the Yoast SEO plugin v27.4 - https:\/\/yoast.com\/product\/yoast-seo-wordpress\/ -->\n<title>Oposiciones Cantabria 2018: Se convocar\u00e1n 352 plazas para Secundaria<\/title>\n<meta name=\"description\" content=\"La Consejer\u00eda de Educaci\u00f3n del Gobierno de Cantabria duplica la oferta de plazas para las Oposiciones de 2018 con respecto a la \u00faltima convocatoria\" \/>\n<meta name=\"robots\" content=\"index, follow, max-snippet:-1, max-image-preview:large, max-video-preview:-1\" \/>\n<link rel=\"canonical\" href=\"https:\/\/www.campuseducacion.com\/blog\/oposiciones\/comunidades\/cantabria\/oposiciones-cantabria-2018-se-convocaran-352-plazas-secundaria\/\" \/>\n<meta property=\"og:locale\" content=\"es_ES\" \/>\n<meta property=\"og:type\" content=\"article\" \/>\n<meta property=\"og:title\" content=\"Oposiciones Cantabria 2018: Se convocar\u00e1n 352 plazas para Secundaria\" \/>\n<meta property=\"og:description\" content=\"La Consejer\u00eda de Educaci\u00f3n del Gobierno de Cantabria duplica la oferta de plazas para las Oposiciones de 2018 con respecto a la \u00faltima convocatoria\" \/>\n<meta property=\"og:url\" content=\"https:\/\/www.campuseducacion.com\/blog\/oposiciones\/comunidades\/cantabria\/oposiciones-cantabria-2018-se-convocaran-352-plazas-secundaria\/\" \/>\n<meta property=\"og:site_name\" content=\"BLOG Noticias Oposiciones y bolsas Trabajo Interinos. Campuseducacion.com\" \/>\n<meta property=\"article:publisher\" content=\"https:\/\/www.facebook.com\/Campuseducacion.es\" \/>\n<meta property=\"article:author\" content=\"https:\/\/www.facebook.com\/Campuseducacion.es\" \/>\n<meta property=\"article:published_time\" content=\"2017-10-19T08:40:07+00:00\" \/>\n<meta property=\"article:modified_time\" content=\"2018-12-20T19:13:59+00:00\" \/>\n<meta property=\"og:image\" content=\"https:\/\/www.campuseducacion.com\/blog\/wp-content\/uploads\/2017\/10\/noticia-cantabria-octubre2017.jpg\" \/>\n\t<meta property=\"og:image:width\" content=\"1280\" \/>\n\t<meta property=\"og:image:height\" content=\"705\" \/>\n\t<meta property=\"og:image:type\" content=\"image\/jpeg\" \/>\n<meta name=\"author\" content=\"Campuseducacion.com\" \/>\n<meta name=\"twitter:card\" content=\"summary_large_image\" \/>\n<meta name=\"twitter:creator\" content=\"@https:\/\/twitter.com\/Campuseducacion\" \/>\n<meta name=\"twitter:site\" content=\"@Campuseducacion\" \/>\n<meta name=\"twitter:label1\" content=\"Escrito por\" \/>\n\t<meta name=\"twitter:data1\" content=\"Campuseducacion.com\" \/>\n\t<meta name=\"twitter:label2\" content=\"Tiempo de lectura\" \/>\n\t<meta name=\"twitter:data2\" content=\"1 minuto\" \/>\n<script type=\"application\/ld+json\" class=\"yoast-schema-graph\">{\"@context\":\"https:\\\/\\\/schema.org\",\"@graph\":[{\"@type\":\"Article\",\"@id\":\"https:\\\/\\\/www.campuseducacion.com\\\/blog\\\/oposiciones\\\/comunidades\\\/cantabria\\\/oposiciones-cantabria-2018-se-convocaran-352-plazas-secundaria\\\/#article\",\"isPartOf\":{\"@id\":\"https:\\\/\\\/www.campuseducacion.com\\\/blog\\\/oposiciones\\\/comunidades\\\/cantabria\\\/oposiciones-cantabria-2018-se-convocaran-352-plazas-secundaria\\\/\"},\"author\":{\"name\":\"Campuseducacion.com\",\"@id\":\"https:\\\/\\\/www.campuseducacion.com\\\/blog\\\/#\\\/schema\\\/person\\\/56e876ff8f12e337395ee2ae40c5fb57\"},\"headline\":\"Oposiciones Cantabria 2018: Se convocar\u00e1n 352 plazas para Secundaria\",\"datePublished\":\"2017-10-19T08:40:07+00:00\",\"dateModified\":\"2018-12-20T19:13:59+00:00\",\"mainEntityOfPage\":{\"@id\":\"https:\\\/\\\/www.campuseducacion.com\\\/blog\\\/oposiciones\\\/comunidades\\\/cantabria\\\/oposiciones-cantabria-2018-se-convocaran-352-plazas-secundaria\\\/\"},\"wordCount\":278,\"commentCount\":0,\"image\":{\"@id\":\"https:\\\/\\\/www.campuseducacion.com\\\/blog\\\/oposiciones\\\/comunidades\\\/cantabria\\\/oposiciones-cantabria-2018-se-convocaran-352-plazas-secundaria\\\/#primaryimage\"},\"thumbnailUrl\":\"https:\\\/\\\/www.campuseducacion.com\\\/blog\\\/wp-content\\\/uploads\\\/2017\\\/10\\\/noticia-cantabria-octubre2017.jpg\",\"keywords\":[\"oferta de empleo p\u00fablico\",\"plazas\"],\"articleSection\":[\"Noticias OPOSICIONES de Maestros y Profesores\",\"Oposiciones Cantabria\",\"Oposiciones Maestros 2019\",\"Oposiciones Secundaria 2018\"],\"inLanguage\":\"es\",\"potentialAction\":[{\"@type\":\"CommentAction\",\"name\":\"Comment\",\"target\":[\"https:\\\/\\\/www.campuseducacion.com\\\/blog\\\/oposiciones\\\/comunidades\\\/cantabria\\\/oposiciones-cantabria-2018-se-convocaran-352-plazas-secundaria\\\/#respond\"]}]},{\"@type\":\"WebPage\",\"@id\":\"https:\\\/\\\/www.campuseducacion.com\\\/blog\\\/oposiciones\\\/comunidades\\\/cantabria\\\/oposiciones-cantabria-2018-se-convocaran-352-plazas-secundaria\\\/\",\"url\":\"https:\\\/\\\/www.campuseducacion.com\\\/blog\\\/oposiciones\\\/comunidades\\\/cantabria\\\/oposiciones-cantabria-2018-se-convocaran-352-plazas-secundaria\\\/\",\"name\":\"Oposiciones Cantabria 2018: Se convocar\u00e1n 352 plazas para Secundaria\",\"isPartOf\":{\"@id\":\"https:\\\/\\\/www.campuseducacion.com\\\/blog\\\/#website\"},\"primaryImageOfPage\":{\"@id\":\"https:\\\/\\\/www.campuseducacion.com\\\/blog\\\/oposiciones\\\/comunidades\\\/cantabria\\\/oposiciones-cantabria-2018-se-convocaran-352-plazas-secundaria\\\/#primaryimage\"},\"image\":{\"@id\":\"https:\\\/\\\/www.campuseducacion.com\\\/blog\\\/oposiciones\\\/comunidades\\\/cantabria\\\/oposiciones-cantabria-2018-se-convocaran-352-plazas-secundaria\\\/#primaryimage\"},\"thumbnailUrl\":\"https:\\\/\\\/www.campuseducacion.com\\\/blog\\\/wp-content\\\/uploads\\\/2017\\\/10\\\/noticia-cantabria-octubre2017.jpg\",\"datePublished\":\"2017-10-19T08:40:07+00:00\",\"dateModified\":\"2018-12-20T19:13:59+00:00\",\"author\":{\"@id\":\"https:\\\/\\\/www.campuseducacion.com\\\/blog\\\/#\\\/schema\\\/person\\\/56e876ff8f12e337395ee2ae40c5fb57\"},\"description\":\"La Consejer\u00eda de Educaci\u00f3n del Gobierno de Cantabria duplica la oferta de plazas para las Oposiciones de 2018 con respecto a la \u00faltima convocatoria\",\"breadcrumb\":{\"@id\":\"https:\\\/\\\/www.campuseducacion.com\\\/blog\\\/oposiciones\\\/comunidades\\\/cantabria\\\/oposiciones-cantabria-2018-se-convocaran-352-plazas-secundaria\\\/#breadcrumb\"},\"inLanguage\":\"es\",\"potentialAction\":[{\"@type\":\"ReadAction\",\"target\":[\"https:\\\/\\\/www.campuseducacion.com\\\/blog\\\/oposiciones\\\/comunidades\\\/cantabria\\\/oposiciones-cantabria-2018-se-convocaran-352-plazas-secundaria\\\/\"]}]},{\"@type\":\"ImageObject\",\"inLanguage\":\"es\",\"@id\":\"https:\\\/\\\/www.campuseducacion.com\\\/blog\\\/oposiciones\\\/comunidades\\\/cantabria\\\/oposiciones-cantabria-2018-se-convocaran-352-plazas-secundaria\\\/#primaryimage\",\"url\":\"https:\\\/\\\/www.campuseducacion.com\\\/blog\\\/wp-content\\\/uploads\\\/2017\\\/10\\\/noticia-cantabria-octubre2017.jpg\",\"contentUrl\":\"https:\\\/\\\/www.campuseducacion.com\\\/blog\\\/wp-content\\\/uploads\\\/2017\\\/10\\\/noticia-cantabria-octubre2017.jpg\",\"width\":1280,\"height\":705,\"caption\":\"cantabria oposiciones 2018 plazas secundaria\"},{\"@type\":\"BreadcrumbList\",\"@id\":\"https:\\\/\\\/www.campuseducacion.com\\\/blog\\\/oposiciones\\\/comunidades\\\/cantabria\\\/oposiciones-cantabria-2018-se-convocaran-352-plazas-secundaria\\\/#breadcrumb\",\"itemListElement\":[{\"@type\":\"ListItem\",\"position\":1,\"name\":\"Portada\",\"item\":\"https:\\\/\\\/www.campuseducacion.com\\\/blog\\\/\"},{\"@type\":\"ListItem\",\"position\":2,\"name\":\"Oposiciones Cantabria 2018: Se convocar\u00e1n 352 plazas para Secundaria\"}]},{\"@type\":\"WebSite\",\"@id\":\"https:\\\/\\\/www.campuseducacion.com\\\/blog\\\/#website\",\"url\":\"https:\\\/\\\/www.campuseducacion.com\\\/blog\\\/\",\"name\":\"BLOG Noticias Oposiciones y bolsas Trabajo Interinos. Campuseducacion.com\",\"description\":\"Actualidad en Oposiciones Maestros de Infantil Primaria y Profesores Secundaria\",\"potentialAction\":[{\"@type\":\"SearchAction\",\"target\":{\"@type\":\"EntryPoint\",\"urlTemplate\":\"https:\\\/\\\/www.campuseducacion.com\\\/blog\\\/?s={search_term_string}\"},\"query-input\":{\"@type\":\"PropertyValueSpecification\",\"valueRequired\":true,\"valueName\":\"search_term_string\"}}],\"inLanguage\":\"es\"},{\"@type\":\"Person\",\"@id\":\"https:\\\/\\\/www.campuseducacion.com\\\/blog\\\/#\\\/schema\\\/person\\\/56e876ff8f12e337395ee2ae40c5fb57\",\"name\":\"Campuseducacion.com\",\"image\":{\"@type\":\"ImageObject\",\"inLanguage\":\"es\",\"@id\":\"https:\\\/\\\/secure.gravatar.com\\\/avatar\\\/e57fe3e326415535a63efb8946cbf24eaf0b356a4d75639302cd27540923f9ee?s=96&d=wavatar&r=g\",\"url\":\"https:\\\/\\\/secure.gravatar.com\\\/avatar\\\/e57fe3e326415535a63efb8946cbf24eaf0b356a4d75639302cd27540923f9ee?s=96&d=wavatar&r=g\",\"contentUrl\":\"https:\\\/\\\/secure.gravatar.com\\\/avatar\\\/e57fe3e326415535a63efb8946cbf24eaf0b356a4d75639302cd27540923f9ee?s=96&d=wavatar&r=g\",\"caption\":\"Campuseducacion.com\"},\"description\":\"Campuseducacion.com te ofrece una amplia oferta en cursos homologados a distancia on-line para Oposiciones: cursos v\u00e1lidos para m\u00e9ritos en las Oposiciones de Maestros en Educaci\u00f3n Infantil y Primaria, y Profesores de Educaci\u00f3n Secundaria. Completa tu formaci\u00f3n Tambi\u00e9n para Sexenios y Concurso General de Traslados. Ahora puedes realizar formaci\u00f3n de postgrado para el profesorado con nuestros M\u00e1steres Oficiales Universitarios (1 punto para oposiciones y 3 puntos en Concurso General de Traslados). Consigue importantes descuentos con Campuseducacion.com en tu formaci\u00f3n homologada: 30% para afiliados a ANPE en cursos a distancia.\",\"sameAs\":[\"https:\\\/\\\/www.campuseducacion.com\",\"https:\\\/\\\/www.facebook.com\\\/Campuseducacion.es\",\"https:\\\/\\\/x.com\\\/https:\\\/\\\/twitter.com\\\/Campuseducacion\"],\"url\":\"https:\\\/\\\/www.campuseducacion.com\\\/blog\\\/autores\\\/campuseducacion-com-4\\\/\"}]}<\/script>\n<!-- \/ Yoast SEO plugin. -->","yoast_head_json":{"title":"Oposiciones Cantabria 2018: Se convocar\u00e1n 352 plazas para Secundaria","description":"La Consejer\u00eda de Educaci\u00f3n del Gobierno de Cantabria duplica la oferta de plazas para las Oposiciones de 2018 con respecto a la \u00faltima convocatoria","robots":{"index":"index","follow":"follow","max-snippet":"max-snippet:-1","max-image-preview":"max-image-preview:large","max-video-preview":"max-video-preview:-1"},"canonical":"https:\/\/www.campuseducacion.com\/blog\/oposiciones\/comunidades\/cantabria\/oposiciones-cantabria-2018-se-convocaran-352-plazas-secundaria\/","og_locale":"es_ES","og_type":"article","og_title":"Oposiciones Cantabria 2018: Se convocar\u00e1n 352 plazas para Secundaria","og_description":"La Consejer\u00eda de Educaci\u00f3n del Gobierno de Cantabria duplica la oferta de plazas para las Oposiciones de 2018 con respecto a la \u00faltima convocatoria","og_url":"https:\/\/www.campuseducacion.com\/blog\/oposiciones\/comunidades\/cantabria\/oposiciones-cantabria-2018-se-convocaran-352-plazas-secundaria\/","og_site_name":"BLOG Noticias Oposiciones y bolsas Trabajo Interinos. Campuseducacion.com","article_publisher":"https:\/\/www.facebook.com\/Campuseducacion.es","article_author":"https:\/\/www.facebook.com\/Campuseducacion.es","article_published_time":"2017-10-19T08:40:07+00:00","article_modified_time":"2018-12-20T19:13:59+00:00","og_image":[{"width":1280,"height":705,"url":"https:\/\/www.campuseducacion.com\/blog\/wp-content\/uploads\/2017\/10\/noticia-cantabria-octubre2017.jpg","type":"image\/jpeg"}],"author":"Campuseducacion.com","twitter_card":"summary_large_image","twitter_creator":"@https:\/\/twitter.com\/Campuseducacion","twitter_site":"@Campuseducacion","twitter_misc":{"Escrito por":"Campuseducacion.com","Tiempo de lectura":"1 minuto"},"schema":{"@context":"https:\/\/schema.org","@graph":[{"@type":"Article","@id":"https:\/\/www.campuseducacion.com\/blog\/oposiciones\/comunidades\/cantabria\/oposiciones-cantabria-2018-se-convocaran-352-plazas-secundaria\/#article","isPartOf":{"@id":"https:\/\/www.campuseducacion.com\/blog\/oposiciones\/comunidades\/cantabria\/oposiciones-cantabria-2018-se-convocaran-352-plazas-secundaria\/"},"author":{"name":"Campuseducacion.com","@id":"https:\/\/www.campuseducacion.com\/blog\/#\/schema\/person\/56e876ff8f12e337395ee2ae40c5fb57"},"headline":"Oposiciones Cantabria 2018: Se convocar\u00e1n 352 plazas para Secundaria","datePublished":"2017-10-19T08:40:07+00:00","dateModified":"2018-12-20T19:13:59+00:00","mainEntityOfPage":{"@id":"https:\/\/www.campuseducacion.com\/blog\/oposiciones\/comunidades\/cantabria\/oposiciones-cantabria-2018-se-convocaran-352-plazas-secundaria\/"},"wordCount":278,"commentCount":0,"image":{"@id":"https:\/\/www.campuseducacion.com\/blog\/oposiciones\/comunidades\/cantabria\/oposiciones-cantabria-2018-se-convocaran-352-plazas-secundaria\/#primaryimage"},"thumbnailUrl":"https:\/\/www.campuseducacion.com\/blog\/wp-content\/uploads\/2017\/10\/noticia-cantabria-octubre2017.jpg","keywords":["oferta de empleo p\u00fablico","plazas"],"articleSection":["Noticias OPOSICIONES de Maestros y Profesores","Oposiciones Cantabria","Oposiciones Maestros 2019","Oposiciones Secundaria 2018"],"inLanguage":"es","potentialAction":[{"@type":"CommentAction","name":"Comment","target":["https:\/\/www.campuseducacion.com\/blog\/oposiciones\/comunidades\/cantabria\/oposiciones-cantabria-2018-se-convocaran-352-plazas-secundaria\/#respond"]}]},{"@type":"WebPage","@id":"https:\/\/www.campuseducacion.com\/blog\/oposiciones\/comunidades\/cantabria\/oposiciones-cantabria-2018-se-convocaran-352-plazas-secundaria\/","url":"https:\/\/www.campuseducacion.com\/blog\/oposiciones\/comunidades\/cantabria\/oposiciones-cantabria-2018-se-convocaran-352-plazas-secundaria\/","name":"Oposiciones Cantabria 2018: Se convocar\u00e1n 352 plazas para Secundaria","isPartOf":{"@id":"https:\/\/www.campuseducacion.com\/blog\/#website"},"primaryImageOfPage":{"@id":"https:\/\/www.campuseducacion.com\/blog\/oposiciones\/comunidades\/cantabria\/oposiciones-cantabria-2018-se-convocaran-352-plazas-secundaria\/#primaryimage"},"image":{"@id":"https:\/\/www.campuseducacion.com\/blog\/oposiciones\/comunidades\/cantabria\/oposiciones-cantabria-2018-se-convocaran-352-plazas-secundaria\/#primaryimage"},"thumbnailUrl":"https:\/\/www.campuseducacion.com\/blog\/wp-content\/uploads\/2017\/10\/noticia-cantabria-octubre2017.jpg","datePublished":"2017-10-19T08:40:07+00:00","dateModified":"2018-12-20T19:13:59+00:00","author":{"@id":"https:\/\/www.campuseducacion.com\/blog\/#\/schema\/person\/56e876ff8f12e337395ee2ae40c5fb57"},"description":"La Consejer\u00eda de Educaci\u00f3n del Gobierno de Cantabria duplica la oferta de plazas para las Oposiciones de 2018 con respecto a la \u00faltima convocatoria","breadcrumb":{"@id":"https:\/\/www.campuseducacion.com\/blog\/oposiciones\/comunidades\/cantabria\/oposiciones-cantabria-2018-se-convocaran-352-plazas-secundaria\/#breadcrumb"},"inLanguage":"es","potentialAction":[{"@type":"ReadAction","target":["https:\/\/www.campuseducacion.com\/blog\/oposiciones\/comunidades\/cantabria\/oposiciones-cantabria-2018-se-convocaran-352-plazas-secundaria\/"]}]},{"@type":"ImageObject","inLanguage":"es","@id":"https:\/\/www.campuseducacion.com\/blog\/oposiciones\/comunidades\/cantabria\/oposiciones-cantabria-2018-se-convocaran-352-plazas-secundaria\/#primaryimage","url":"https:\/\/www.campuseducacion.com\/blog\/wp-content\/uploads\/2017\/10\/noticia-cantabria-octubre2017.jpg","contentUrl":"https:\/\/www.campuseducacion.com\/blog\/wp-content\/uploads\/2017\/10\/noticia-cantabria-octubre2017.jpg","width":1280,"height":705,"caption":"cantabria oposiciones 2018 plazas secundaria"},{"@type":"BreadcrumbList","@id":"https:\/\/www.campuseducacion.com\/blog\/oposiciones\/comunidades\/cantabria\/oposiciones-cantabria-2018-se-convocaran-352-plazas-secundaria\/#breadcrumb","itemListElement":[{"@type":"ListItem","position":1,"name":"Portada","item":"https:\/\/www.campuseducacion.com\/blog\/"},{"@type":"ListItem","position":2,"name":"Oposiciones Cantabria 2018: Se convocar\u00e1n 352 plazas para Secundaria"}]},{"@type":"WebSite","@id":"https:\/\/www.campuseducacion.com\/blog\/#website","url":"https:\/\/www.campuseducacion.com\/blog\/","name":"BLOG Noticias Oposiciones y bolsas Trabajo Interinos. Campuseducacion.com","description":"Actualidad en Oposiciones Maestros de Infantil Primaria y Profesores Secundaria","potentialAction":[{"@type":"SearchAction","target":{"@type":"EntryPoint","urlTemplate":"https:\/\/www.campuseducacion.com\/blog\/?s={search_term_string}"},"query-input":{"@type":"PropertyValueSpecification","valueRequired":true,"valueName":"search_term_string"}}],"inLanguage":"es"},{"@type":"Person","@id":"https:\/\/www.campuseducacion.com\/blog\/#\/schema\/person\/56e876ff8f12e337395ee2ae40c5fb57","name":"Campuseducacion.com","image":{"@type":"ImageObject","inLanguage":"es","@id":"https:\/\/secure.gravatar.com\/avatar\/e57fe3e326415535a63efb8946cbf24eaf0b356a4d75639302cd27540923f9ee?s=96&d=wavatar&r=g","url":"https:\/\/secure.gravatar.com\/avatar\/e57fe3e326415535a63efb8946cbf24eaf0b356a4d75639302cd27540923f9ee?s=96&d=wavatar&r=g","contentUrl":"https:\/\/secure.gravatar.com\/avatar\/e57fe3e326415535a63efb8946cbf24eaf0b356a4d75639302cd27540923f9ee?s=96&d=wavatar&r=g","caption":"Campuseducacion.com"},"description":"Campuseducacion.com te ofrece una amplia oferta en cursos homologados a distancia on-line para Oposiciones: cursos v\u00e1lidos para m\u00e9ritos en las Oposiciones de Maestros en Educaci\u00f3n Infantil y Primaria, y Profesores de Educaci\u00f3n Secundaria. Completa tu formaci\u00f3n Tambi\u00e9n para Sexenios y Concurso General de Traslados. Ahora puedes realizar formaci\u00f3n de postgrado para el profesorado con nuestros M\u00e1steres Oficiales Universitarios (1 punto para oposiciones y 3 puntos en Concurso General de Traslados). Consigue importantes descuentos con Campuseducacion.com en tu formaci\u00f3n homologada: 30% para afiliados a ANPE en cursos a distancia.","sameAs":["https:\/\/www.campuseducacion.com","https:\/\/www.facebook.com\/Campuseducacion.es","https:\/\/x.com\/https:\/\/twitter.com\/Campuseducacion"],"url":"https:\/\/www.campuseducacion.com\/blog\/autores\/campuseducacion-com-4\/"}]}},"amp_enabled":true,"_links":{"self":[{"href":"https:\/\/www.campuseducacion.com\/blog\/wp-json\/wp\/v2\/posts\/12214","targetHints":{"allow":["GET"]}}],"collection":[{"href":"https:\/\/www.campuseducacion.com\/blog\/wp-json\/wp\/v2\/posts"}],"about":[{"href":"https:\/\/www.campuseducacion.com\/blog\/wp-json\/wp\/v2\/types\/post"}],"author":[{"embeddable":true,"href":"https:\/\/www.campuseducacion.com\/blog\/wp-json\/wp\/v2\/users\/7"}],"replies":[{"embeddable":true,"href":"https:\/\/www.campuseducacion.com\/blog\/wp-json\/wp\/v2\/comments?post=12214"}],"version-history":[{"count":1,"href":"https:\/\/www.campuseducacion.com\/blog\/wp-json\/wp\/v2\/posts\/12214\/revisions"}],"predecessor-version":[{"id":12216,"href":"https:\/\/www.campuseducacion.com\/blog\/wp-json\/wp\/v2\/posts\/12214\/revisions\/12216"}],"wp:featuredmedia":[{"embeddable":true,"href":"https:\/\/www.campuseducacion.com\/blog\/wp-json\/wp\/v2\/media\/12215"}],"wp:attachment":[{"href":"https:\/\/www.campuseducacion.com\/blog\/wp-json\/wp\/v2\/media?parent=12214"}],"wp:term":[{"taxonomy":"category","embeddable":true,"href":"https:\/\/www.campuseducacion.com\/blog\/wp-json\/wp\/v2\/categories?post=12214"},{"taxonomy":"post_tag","embeddable":true,"href":"https:\/\/www.campuseducacion.com\/blog\/wp-json\/wp\/v2\/tags?post=12214"}],"curies":[{"name":"wp","href":"https:\/\/api.w.org\/{rel}","templated":true}]}}