{"id":12609,"date":"2017-11-13T08:40:32","date_gmt":"2017-11-13T07:40:32","guid":{"rendered":"https:\/\/www.campuseducacion.com\/blog\/?p=12609"},"modified":"2017-11-13T08:58:13","modified_gmt":"2017-11-13T07:58:13","slug":"interinos-andalucia-ampliacion-listas","status":"publish","type":"post","link":"https:\/\/www.campuseducacion.com\/blog\/bolsas-de-trabajo\/bolsas-andalucia\/interinos-andalucia-ampliacion-listas\/","title":{"rendered":"Interinos Andaluc\u00eda: Ampliaci\u00f3n de listas"},"content":{"rendered":"<p><strong>Andaluc\u00eda<\/strong> abre proceso selectivo para la <strong>ampliaci\u00f3n de listas<\/strong> de interinos pertenecientes al <strong>Cuerpo de Maestros<\/strong>.<\/p>\n<span class='bctt-click-to-tweet'><span class='bctt-ctt-text'><a href='https:\/\/x.com\/intent\/tweet?url=https%3A%2F%2Fwww.campuseducacion.com%2Fblog%2Fbolsas-de-trabajo%2Fbolsas-andalucia%2Finterinos-andalucia-ampliacion-listas%2F&#038;text=Ampliaci%C3%B3n%20de%20listas%20de%20%23Interinos%20pertenecientes%20al%20Cuerpo%20de%20%23Maestros%20en%20%23Andaluc%C3%ADa&#038;via=Campuseducacion&#038;related=Campuseducacion' target='_blank'rel=\"noopener noreferrer\">Ampliaci\u00f3n de listas de #Interinos pertenecientes al Cuerpo de #Maestros en #Andaluc\u00eda <\/a><\/span><a href='https:\/\/x.com\/intent\/tweet?url=https%3A%2F%2Fwww.campuseducacion.com%2Fblog%2Fbolsas-de-trabajo%2Fbolsas-andalucia%2Finterinos-andalucia-ampliacion-listas%2F&#038;text=Ampliaci%C3%B3n%20de%20listas%20de%20%23Interinos%20pertenecientes%20al%20Cuerpo%20de%20%23Maestros%20en%20%23Andaluc%C3%ADa&#038;via=Campuseducacion&#038;related=Campuseducacion' target='_blank' class='bctt-ctt-btn'rel=\"noopener noreferrer\">Compartir en X<\/a><\/span>\n<p>El objeto de esta convocatoria es la selecci\u00f3n de personal del <strong>Cuerpo de Maestros, en las especialidades de<\/strong>:<\/p>\n<ul>\n<li><em>Educaci\u00f3n Infantil &#8211; Alem\u00e1n<\/em><\/li>\n<li><em>Educaci\u00f3n F\u00edsica &#8211; Ingl\u00e9s<\/em><\/li>\n<li><em>M\u00fasica &#8211; Franc\u00e9s<\/em><\/li>\n<li><em>Lengua Extranjera &#8211; Alem\u00e1n<\/em><\/li>\n<\/ul>\n<p>Dicha convocatoria tiene car\u00e1cter restringido, pues s\u00f3lo podr\u00e1 acceder a ella el personal que ya forme parte de otras bolsas de trabajo del Cuerpo de Maestros de la Comunidad Aut\u00f3noma de Andaluc\u00eda.<\/p>\n<ul>\n<li><strong><a href=\"https:\/\/www.campuseducacion.com\/blog\/wp-content\/uploads\/2017\/11\/Convocatoria-5.pdf\" target=\"_blank\" rel=\"noopener\">Convocatoria<\/a><\/strong><\/li>\n<li><strong>Solicitud de participaci\u00f3n:<\/strong> Se habilitar\u00e1 el d\u00eda 13 de noviembre a partir de las 9:00 h.<\/li>\n<li><strong>Plazo de presentaci\u00f3n de solicitudes<\/strong>: Del 13 al 24 de noviembre.<\/li>\n<li><strong>M\u00e1s informaci\u00f3n en<\/strong>: <a href=\"http:\/\/www.juntadeandalucia.es\/educacion\/portals\/web\/ced\/contenidos\/-\/contenidos\/detalle\/resolucion-de-30-de-octubre-de-2017-de-la-direccion-general-del-profesorado-y-gestion-de-recursos-humanos-por-la-que-se\" target=\"_blank\" rel=\"noopener\">Juntadeandalucia.es<\/a><\/li>\n<\/ul>\n\n\n<div class=\"kk-star-ratings kksr-auto kksr-align-left kksr-valign-bottom\"\n    data-payload='{&quot;align&quot;:&quot;left&quot;,&quot;id&quot;:&quot;12609&quot;,&quot;slug&quot;:&quot;default&quot;,&quot;valign&quot;:&quot;bottom&quot;,&quot;ignore&quot;:&quot;&quot;,&quot;reference&quot;:&quot;auto&quot;,&quot;class&quot;:&quot;&quot;,&quot;count&quot;:&quot;0&quot;,&quot;legendonly&quot;:&quot;&quot;,&quot;readonly&quot;:&quot;&quot;,&quot;score&quot;:&quot;0&quot;,&quot;starsonly&quot;:&quot;&quot;,&quot;best&quot;:&quot;5&quot;,&quot;gap&quot;:&quot;5&quot;,&quot;greet&quot;:&quot;&quot;,&quot;legend&quot;:&quot;0\\\/5 - (0 votos)&quot;,&quot;size&quot;:&quot;15&quot;,&quot;title&quot;:&quot;Interinos Andaluc\u00eda: Ampliaci\u00f3n de listas&quot;,&quot;width&quot;:&quot;0&quot;,&quot;_legend&quot;:&quot;{score}\\\/{best} - ({count} {votes})&quot;,&quot;font_factor&quot;:&quot;1.25&quot;}'>\n            \n<div class=\"kksr-stars\">\n    \n<div class=\"kksr-stars-inactive\">\n            <div class=\"kksr-star\" data-star=\"1\" style=\"padding-right: 5px\">\n            \n\n<div class=\"kksr-icon\" style=\"width: 15px; height: 15px;\"><\/div>\n        <\/div>\n            <div class=\"kksr-star\" data-star=\"2\" style=\"padding-right: 5px\">\n            \n\n<div class=\"kksr-icon\" style=\"width: 15px; height: 15px;\"><\/div>\n        <\/div>\n            <div class=\"kksr-star\" data-star=\"3\" style=\"padding-right: 5px\">\n            \n\n<div class=\"kksr-icon\" style=\"width: 15px; height: 15px;\"><\/div>\n        <\/div>\n            <div class=\"kksr-star\" data-star=\"4\" style=\"padding-right: 5px\">\n            \n\n<div class=\"kksr-icon\" style=\"width: 15px; height: 15px;\"><\/div>\n        <\/div>\n            <div class=\"kksr-star\" data-star=\"5\" style=\"padding-right: 5px\">\n            \n\n<div class=\"kksr-icon\" style=\"width: 15px; height: 15px;\"><\/div>\n        <\/div>\n    <\/div>\n    \n<div class=\"kksr-stars-active\" style=\"width: 0px;\">\n            <div class=\"kksr-star\" style=\"padding-right: 5px\">\n            \n\n<div class=\"kksr-icon\" style=\"width: 15px; height: 15px;\"><\/div>\n        <\/div>\n            <div class=\"kksr-star\" style=\"padding-right: 5px\">\n            \n\n<div class=\"kksr-icon\" style=\"width: 15px; height: 15px;\"><\/div>\n        <\/div>\n            <div class=\"kksr-star\" style=\"padding-right: 5px\">\n            \n\n<div class=\"kksr-icon\" style=\"width: 15px; height: 15px;\"><\/div>\n        <\/div>\n            <div class=\"kksr-star\" style=\"padding-right: 5px\">\n            \n\n<div class=\"kksr-icon\" style=\"width: 15px; height: 15px;\"><\/div>\n        <\/div>\n            <div class=\"kksr-star\" style=\"padding-right: 5px\">\n            \n\n<div class=\"kksr-icon\" style=\"width: 15px; height: 15px;\"><\/div>\n        <\/div>\n    <\/div>\n<\/div>\n                \n\n<div class=\"kksr-legend\" style=\"font-size: 12px;\">\n            <span class=\"kksr-muted\"><\/span>\n    <\/div>\n    <\/div>\n","protected":false},"excerpt":{"rendered":"<p>Andaluc\u00eda abre proceso selectivo para la ampliaci\u00f3n de listas de interinos pertenecientes al Cuerpo de Maestros. El objeto de esta convocatoria es la selecci\u00f3n de personal del Cuerpo de Maestros, en las especialidades de: Educaci\u00f3n Infantil &#8211; Alem\u00e1n Educaci\u00f3n F\u00edsica &#8211; Ingl\u00e9s M\u00fasica &#8211; Franc\u00e9s Lengua Extranjera &#8211; Alem\u00e1n Dicha convocatoria tiene car\u00e1cter restringido, pues [&hellip;]<\/p>\n","protected":false},"author":7,"featured_media":6220,"comment_status":"open","ping_status":"open","sticky":false,"template":"","format":"image","meta":{"tdm_status":"","tdm_grid_status":"","footnotes":""},"categories":[200,610,765,3],"tags":[453],"class_list":{"0":"post-12609","1":"post","2":"type-post","3":"status-publish","4":"format-image","5":"has-post-thumbnail","7":"category-bolsas-andalucia","8":"category-bolsas-trabajo-primaria","9":"category-interinos","10":"category-andalucia","11":"tag-perfil-bilingue","12":"post_format-post-format-image"},"yoast_head":"<!-- This site is optimized with the Yoast SEO plugin v27.4 - https:\/\/yoast.com\/product\/yoast-seo-wordpress\/ -->\n<title>Interinos Andaluc\u00eda: Ampliaci\u00f3n de listas<\/title>\n<meta name=\"description\" content=\"Andaluc\u00eda abre proceso selectivo para la ampliaci\u00f3n de listas de interinos pertenecientes al Cuerpo de Maestros. El objeto de esta convocatoria es la\" \/>\n<meta name=\"robots\" content=\"index, follow, max-snippet:-1, max-image-preview:large, max-video-preview:-1\" \/>\n<link rel=\"canonical\" href=\"https:\/\/www.campuseducacion.com\/blog\/bolsas-de-trabajo\/bolsas-andalucia\/interinos-andalucia-ampliacion-listas\/\" \/>\n<meta property=\"og:locale\" content=\"es_ES\" \/>\n<meta property=\"og:type\" content=\"article\" \/>\n<meta property=\"og:title\" content=\"Interinos Andaluc\u00eda: Ampliaci\u00f3n de listas\" \/>\n<meta property=\"og:description\" content=\"Andaluc\u00eda abre proceso selectivo para la ampliaci\u00f3n de listas de interinos pertenecientes al Cuerpo de Maestros. El objeto de esta convocatoria es la\" \/>\n<meta property=\"og:url\" content=\"https:\/\/www.campuseducacion.com\/blog\/bolsas-de-trabajo\/bolsas-andalucia\/interinos-andalucia-ampliacion-listas\/\" \/>\n<meta property=\"og:site_name\" content=\"BLOG Noticias Oposiciones y bolsas Trabajo Interinos. Campuseducacion.com\" \/>\n<meta property=\"article:publisher\" content=\"https:\/\/www.facebook.com\/Campuseducacion.es\" \/>\n<meta property=\"article:author\" content=\"https:\/\/www.facebook.com\/Campuseducacion.es\" \/>\n<meta property=\"article:published_time\" content=\"2017-11-13T07:40:32+00:00\" \/>\n<meta property=\"article:modified_time\" content=\"2017-11-13T07:58:13+00:00\" \/>\n<meta property=\"og:image\" content=\"https:\/\/www.campuseducacion.com\/blog\/wp-content\/uploads\/2016\/02\/andalucia.jpg\" \/>\n\t<meta property=\"og:image:width\" content=\"1200\" \/>\n\t<meta property=\"og:image:height\" content=\"627\" \/>\n\t<meta property=\"og:image:type\" content=\"image\/jpeg\" \/>\n<meta name=\"author\" content=\"Campuseducacion.com\" \/>\n<meta name=\"twitter:card\" content=\"summary_large_image\" \/>\n<meta name=\"twitter:creator\" content=\"@https:\/\/twitter.com\/Campuseducacion\" \/>\n<meta name=\"twitter:site\" content=\"@Campuseducacion\" \/>\n<meta name=\"twitter:label1\" content=\"Escrito por\" \/>\n\t<meta name=\"twitter:data1\" content=\"Campuseducacion.com\" \/>\n\t<meta name=\"twitter:label2\" content=\"Tiempo de lectura\" \/>\n\t<meta name=\"twitter:data2\" content=\"1 minuto\" \/>\n<script type=\"application\/ld+json\" class=\"yoast-schema-graph\">{\"@context\":\"https:\\\/\\\/schema.org\",\"@graph\":[{\"@type\":\"Article\",\"@id\":\"https:\\\/\\\/www.campuseducacion.com\\\/blog\\\/bolsas-de-trabajo\\\/bolsas-andalucia\\\/interinos-andalucia-ampliacion-listas\\\/#article\",\"isPartOf\":{\"@id\":\"https:\\\/\\\/www.campuseducacion.com\\\/blog\\\/bolsas-de-trabajo\\\/bolsas-andalucia\\\/interinos-andalucia-ampliacion-listas\\\/\"},\"author\":{\"name\":\"Campuseducacion.com\",\"@id\":\"https:\\\/\\\/www.campuseducacion.com\\\/blog\\\/#\\\/schema\\\/person\\\/56e876ff8f12e337395ee2ae40c5fb57\"},\"headline\":\"Interinos Andaluc\u00eda: Ampliaci\u00f3n de listas\",\"datePublished\":\"2017-11-13T07:40:32+00:00\",\"dateModified\":\"2017-11-13T07:58:13+00:00\",\"mainEntityOfPage\":{\"@id\":\"https:\\\/\\\/www.campuseducacion.com\\\/blog\\\/bolsas-de-trabajo\\\/bolsas-andalucia\\\/interinos-andalucia-ampliacion-listas\\\/\"},\"wordCount\":155,\"commentCount\":0,\"image\":{\"@id\":\"https:\\\/\\\/www.campuseducacion.com\\\/blog\\\/bolsas-de-trabajo\\\/bolsas-andalucia\\\/interinos-andalucia-ampliacion-listas\\\/#primaryimage\"},\"thumbnailUrl\":\"https:\\\/\\\/www.campuseducacion.com\\\/blog\\\/wp-content\\\/uploads\\\/2016\\\/02\\\/andalucia.jpg\",\"keywords\":[\"perfil biling\u00fce\"],\"articleSection\":[\"Bolsas Andaluc\u00eda\",\"Bolsas Trabajo Primaria\",\"Interinos\",\"Oposiciones Andaluc\u00eda\"],\"inLanguage\":\"es\",\"potentialAction\":[{\"@type\":\"CommentAction\",\"name\":\"Comment\",\"target\":[\"https:\\\/\\\/www.campuseducacion.com\\\/blog\\\/bolsas-de-trabajo\\\/bolsas-andalucia\\\/interinos-andalucia-ampliacion-listas\\\/#respond\"]}]},{\"@type\":\"WebPage\",\"@id\":\"https:\\\/\\\/www.campuseducacion.com\\\/blog\\\/bolsas-de-trabajo\\\/bolsas-andalucia\\\/interinos-andalucia-ampliacion-listas\\\/\",\"url\":\"https:\\\/\\\/www.campuseducacion.com\\\/blog\\\/bolsas-de-trabajo\\\/bolsas-andalucia\\\/interinos-andalucia-ampliacion-listas\\\/\",\"name\":\"Interinos Andaluc\u00eda: Ampliaci\u00f3n de listas\",\"isPartOf\":{\"@id\":\"https:\\\/\\\/www.campuseducacion.com\\\/blog\\\/#website\"},\"primaryImageOfPage\":{\"@id\":\"https:\\\/\\\/www.campuseducacion.com\\\/blog\\\/bolsas-de-trabajo\\\/bolsas-andalucia\\\/interinos-andalucia-ampliacion-listas\\\/#primaryimage\"},\"image\":{\"@id\":\"https:\\\/\\\/www.campuseducacion.com\\\/blog\\\/bolsas-de-trabajo\\\/bolsas-andalucia\\\/interinos-andalucia-ampliacion-listas\\\/#primaryimage\"},\"thumbnailUrl\":\"https:\\\/\\\/www.campuseducacion.com\\\/blog\\\/wp-content\\\/uploads\\\/2016\\\/02\\\/andalucia.jpg\",\"datePublished\":\"2017-11-13T07:40:32+00:00\",\"dateModified\":\"2017-11-13T07:58:13+00:00\",\"author\":{\"@id\":\"https:\\\/\\\/www.campuseducacion.com\\\/blog\\\/#\\\/schema\\\/person\\\/56e876ff8f12e337395ee2ae40c5fb57\"},\"description\":\"Andaluc\u00eda abre proceso selectivo para la ampliaci\u00f3n de listas de interinos pertenecientes al Cuerpo de Maestros. El objeto de esta convocatoria es la\",\"breadcrumb\":{\"@id\":\"https:\\\/\\\/www.campuseducacion.com\\\/blog\\\/bolsas-de-trabajo\\\/bolsas-andalucia\\\/interinos-andalucia-ampliacion-listas\\\/#breadcrumb\"},\"inLanguage\":\"es\",\"potentialAction\":[{\"@type\":\"ReadAction\",\"target\":[\"https:\\\/\\\/www.campuseducacion.com\\\/blog\\\/bolsas-de-trabajo\\\/bolsas-andalucia\\\/interinos-andalucia-ampliacion-listas\\\/\"]}]},{\"@type\":\"ImageObject\",\"inLanguage\":\"es\",\"@id\":\"https:\\\/\\\/www.campuseducacion.com\\\/blog\\\/bolsas-de-trabajo\\\/bolsas-andalucia\\\/interinos-andalucia-ampliacion-listas\\\/#primaryimage\",\"url\":\"https:\\\/\\\/www.campuseducacion.com\\\/blog\\\/wp-content\\\/uploads\\\/2016\\\/02\\\/andalucia.jpg\",\"contentUrl\":\"https:\\\/\\\/www.campuseducacion.com\\\/blog\\\/wp-content\\\/uploads\\\/2016\\\/02\\\/andalucia.jpg\",\"width\":1200,\"height\":627,\"caption\":\"bandera Andaluc\u00eda\"},{\"@type\":\"BreadcrumbList\",\"@id\":\"https:\\\/\\\/www.campuseducacion.com\\\/blog\\\/bolsas-de-trabajo\\\/bolsas-andalucia\\\/interinos-andalucia-ampliacion-listas\\\/#breadcrumb\",\"itemListElement\":[{\"@type\":\"ListItem\",\"position\":1,\"name\":\"Portada\",\"item\":\"https:\\\/\\\/www.campuseducacion.com\\\/blog\\\/\"},{\"@type\":\"ListItem\",\"position\":2,\"name\":\"Interinos Andaluc\u00eda: Ampliaci\u00f3n de listas\"}]},{\"@type\":\"WebSite\",\"@id\":\"https:\\\/\\\/www.campuseducacion.com\\\/blog\\\/#website\",\"url\":\"https:\\\/\\\/www.campuseducacion.com\\\/blog\\\/\",\"name\":\"BLOG Noticias Oposiciones y bolsas Trabajo Interinos. Campuseducacion.com\",\"description\":\"Actualidad en Oposiciones Maestros de Infantil Primaria y Profesores Secundaria\",\"potentialAction\":[{\"@type\":\"SearchAction\",\"target\":{\"@type\":\"EntryPoint\",\"urlTemplate\":\"https:\\\/\\\/www.campuseducacion.com\\\/blog\\\/?s={search_term_string}\"},\"query-input\":{\"@type\":\"PropertyValueSpecification\",\"valueRequired\":true,\"valueName\":\"search_term_string\"}}],\"inLanguage\":\"es\"},{\"@type\":\"Person\",\"@id\":\"https:\\\/\\\/www.campuseducacion.com\\\/blog\\\/#\\\/schema\\\/person\\\/56e876ff8f12e337395ee2ae40c5fb57\",\"name\":\"Campuseducacion.com\",\"image\":{\"@type\":\"ImageObject\",\"inLanguage\":\"es\",\"@id\":\"https:\\\/\\\/secure.gravatar.com\\\/avatar\\\/e57fe3e326415535a63efb8946cbf24eaf0b356a4d75639302cd27540923f9ee?s=96&d=wavatar&r=g\",\"url\":\"https:\\\/\\\/secure.gravatar.com\\\/avatar\\\/e57fe3e326415535a63efb8946cbf24eaf0b356a4d75639302cd27540923f9ee?s=96&d=wavatar&r=g\",\"contentUrl\":\"https:\\\/\\\/secure.gravatar.com\\\/avatar\\\/e57fe3e326415535a63efb8946cbf24eaf0b356a4d75639302cd27540923f9ee?s=96&d=wavatar&r=g\",\"caption\":\"Campuseducacion.com\"},\"description\":\"Campuseducacion.com te ofrece una amplia oferta en cursos homologados a distancia on-line para Oposiciones: cursos v\u00e1lidos para m\u00e9ritos en las Oposiciones de Maestros en Educaci\u00f3n Infantil y Primaria, y Profesores de Educaci\u00f3n Secundaria. Completa tu formaci\u00f3n Tambi\u00e9n para Sexenios y Concurso General de Traslados. Ahora puedes realizar formaci\u00f3n de postgrado para el profesorado con nuestros M\u00e1steres Oficiales Universitarios (1 punto para oposiciones y 3 puntos en Concurso General de Traslados). Consigue importantes descuentos con Campuseducacion.com en tu formaci\u00f3n homologada: 30% para afiliados a ANPE en cursos a distancia.\",\"sameAs\":[\"https:\\\/\\\/www.campuseducacion.com\",\"https:\\\/\\\/www.facebook.com\\\/Campuseducacion.es\",\"https:\\\/\\\/x.com\\\/https:\\\/\\\/twitter.com\\\/Campuseducacion\"],\"url\":\"https:\\\/\\\/www.campuseducacion.com\\\/blog\\\/autores\\\/campuseducacion-com-4\\\/\"}]}<\/script>\n<!-- \/ Yoast SEO plugin. -->","yoast_head_json":{"title":"Interinos Andaluc\u00eda: Ampliaci\u00f3n de listas","description":"Andaluc\u00eda abre proceso selectivo para la ampliaci\u00f3n de listas de interinos pertenecientes al Cuerpo de Maestros. El objeto de esta convocatoria es la","robots":{"index":"index","follow":"follow","max-snippet":"max-snippet:-1","max-image-preview":"max-image-preview:large","max-video-preview":"max-video-preview:-1"},"canonical":"https:\/\/www.campuseducacion.com\/blog\/bolsas-de-trabajo\/bolsas-andalucia\/interinos-andalucia-ampliacion-listas\/","og_locale":"es_ES","og_type":"article","og_title":"Interinos Andaluc\u00eda: Ampliaci\u00f3n de listas","og_description":"Andaluc\u00eda abre proceso selectivo para la ampliaci\u00f3n de listas de interinos pertenecientes al Cuerpo de Maestros. El objeto de esta convocatoria es la","og_url":"https:\/\/www.campuseducacion.com\/blog\/bolsas-de-trabajo\/bolsas-andalucia\/interinos-andalucia-ampliacion-listas\/","og_site_name":"BLOG Noticias Oposiciones y bolsas Trabajo Interinos. Campuseducacion.com","article_publisher":"https:\/\/www.facebook.com\/Campuseducacion.es","article_author":"https:\/\/www.facebook.com\/Campuseducacion.es","article_published_time":"2017-11-13T07:40:32+00:00","article_modified_time":"2017-11-13T07:58:13+00:00","og_image":[{"width":1200,"height":627,"url":"https:\/\/www.campuseducacion.com\/blog\/wp-content\/uploads\/2016\/02\/andalucia.jpg","type":"image\/jpeg"}],"author":"Campuseducacion.com","twitter_card":"summary_large_image","twitter_creator":"@https:\/\/twitter.com\/Campuseducacion","twitter_site":"@Campuseducacion","twitter_misc":{"Escrito por":"Campuseducacion.com","Tiempo de lectura":"1 minuto"},"schema":{"@context":"https:\/\/schema.org","@graph":[{"@type":"Article","@id":"https:\/\/www.campuseducacion.com\/blog\/bolsas-de-trabajo\/bolsas-andalucia\/interinos-andalucia-ampliacion-listas\/#article","isPartOf":{"@id":"https:\/\/www.campuseducacion.com\/blog\/bolsas-de-trabajo\/bolsas-andalucia\/interinos-andalucia-ampliacion-listas\/"},"author":{"name":"Campuseducacion.com","@id":"https:\/\/www.campuseducacion.com\/blog\/#\/schema\/person\/56e876ff8f12e337395ee2ae40c5fb57"},"headline":"Interinos Andaluc\u00eda: Ampliaci\u00f3n de listas","datePublished":"2017-11-13T07:40:32+00:00","dateModified":"2017-11-13T07:58:13+00:00","mainEntityOfPage":{"@id":"https:\/\/www.campuseducacion.com\/blog\/bolsas-de-trabajo\/bolsas-andalucia\/interinos-andalucia-ampliacion-listas\/"},"wordCount":155,"commentCount":0,"image":{"@id":"https:\/\/www.campuseducacion.com\/blog\/bolsas-de-trabajo\/bolsas-andalucia\/interinos-andalucia-ampliacion-listas\/#primaryimage"},"thumbnailUrl":"https:\/\/www.campuseducacion.com\/blog\/wp-content\/uploads\/2016\/02\/andalucia.jpg","keywords":["perfil biling\u00fce"],"articleSection":["Bolsas Andaluc\u00eda","Bolsas Trabajo Primaria","Interinos","Oposiciones Andaluc\u00eda"],"inLanguage":"es","potentialAction":[{"@type":"CommentAction","name":"Comment","target":["https:\/\/www.campuseducacion.com\/blog\/bolsas-de-trabajo\/bolsas-andalucia\/interinos-andalucia-ampliacion-listas\/#respond"]}]},{"@type":"WebPage","@id":"https:\/\/www.campuseducacion.com\/blog\/bolsas-de-trabajo\/bolsas-andalucia\/interinos-andalucia-ampliacion-listas\/","url":"https:\/\/www.campuseducacion.com\/blog\/bolsas-de-trabajo\/bolsas-andalucia\/interinos-andalucia-ampliacion-listas\/","name":"Interinos Andaluc\u00eda: Ampliaci\u00f3n de listas","isPartOf":{"@id":"https:\/\/www.campuseducacion.com\/blog\/#website"},"primaryImageOfPage":{"@id":"https:\/\/www.campuseducacion.com\/blog\/bolsas-de-trabajo\/bolsas-andalucia\/interinos-andalucia-ampliacion-listas\/#primaryimage"},"image":{"@id":"https:\/\/www.campuseducacion.com\/blog\/bolsas-de-trabajo\/bolsas-andalucia\/interinos-andalucia-ampliacion-listas\/#primaryimage"},"thumbnailUrl":"https:\/\/www.campuseducacion.com\/blog\/wp-content\/uploads\/2016\/02\/andalucia.jpg","datePublished":"2017-11-13T07:40:32+00:00","dateModified":"2017-11-13T07:58:13+00:00","author":{"@id":"https:\/\/www.campuseducacion.com\/blog\/#\/schema\/person\/56e876ff8f12e337395ee2ae40c5fb57"},"description":"Andaluc\u00eda abre proceso selectivo para la ampliaci\u00f3n de listas de interinos pertenecientes al Cuerpo de Maestros. El objeto de esta convocatoria es la","breadcrumb":{"@id":"https:\/\/www.campuseducacion.com\/blog\/bolsas-de-trabajo\/bolsas-andalucia\/interinos-andalucia-ampliacion-listas\/#breadcrumb"},"inLanguage":"es","potentialAction":[{"@type":"ReadAction","target":["https:\/\/www.campuseducacion.com\/blog\/bolsas-de-trabajo\/bolsas-andalucia\/interinos-andalucia-ampliacion-listas\/"]}]},{"@type":"ImageObject","inLanguage":"es","@id":"https:\/\/www.campuseducacion.com\/blog\/bolsas-de-trabajo\/bolsas-andalucia\/interinos-andalucia-ampliacion-listas\/#primaryimage","url":"https:\/\/www.campuseducacion.com\/blog\/wp-content\/uploads\/2016\/02\/andalucia.jpg","contentUrl":"https:\/\/www.campuseducacion.com\/blog\/wp-content\/uploads\/2016\/02\/andalucia.jpg","width":1200,"height":627,"caption":"bandera Andaluc\u00eda"},{"@type":"BreadcrumbList","@id":"https:\/\/www.campuseducacion.com\/blog\/bolsas-de-trabajo\/bolsas-andalucia\/interinos-andalucia-ampliacion-listas\/#breadcrumb","itemListElement":[{"@type":"ListItem","position":1,"name":"Portada","item":"https:\/\/www.campuseducacion.com\/blog\/"},{"@type":"ListItem","position":2,"name":"Interinos Andaluc\u00eda: Ampliaci\u00f3n de listas"}]},{"@type":"WebSite","@id":"https:\/\/www.campuseducacion.com\/blog\/#website","url":"https:\/\/www.campuseducacion.com\/blog\/","name":"BLOG Noticias Oposiciones y bolsas Trabajo Interinos. Campuseducacion.com","description":"Actualidad en Oposiciones Maestros de Infantil Primaria y Profesores Secundaria","potentialAction":[{"@type":"SearchAction","target":{"@type":"EntryPoint","urlTemplate":"https:\/\/www.campuseducacion.com\/blog\/?s={search_term_string}"},"query-input":{"@type":"PropertyValueSpecification","valueRequired":true,"valueName":"search_term_string"}}],"inLanguage":"es"},{"@type":"Person","@id":"https:\/\/www.campuseducacion.com\/blog\/#\/schema\/person\/56e876ff8f12e337395ee2ae40c5fb57","name":"Campuseducacion.com","image":{"@type":"ImageObject","inLanguage":"es","@id":"https:\/\/secure.gravatar.com\/avatar\/e57fe3e326415535a63efb8946cbf24eaf0b356a4d75639302cd27540923f9ee?s=96&d=wavatar&r=g","url":"https:\/\/secure.gravatar.com\/avatar\/e57fe3e326415535a63efb8946cbf24eaf0b356a4d75639302cd27540923f9ee?s=96&d=wavatar&r=g","contentUrl":"https:\/\/secure.gravatar.com\/avatar\/e57fe3e326415535a63efb8946cbf24eaf0b356a4d75639302cd27540923f9ee?s=96&d=wavatar&r=g","caption":"Campuseducacion.com"},"description":"Campuseducacion.com te ofrece una amplia oferta en cursos homologados a distancia on-line para Oposiciones: cursos v\u00e1lidos para m\u00e9ritos en las Oposiciones de Maestros en Educaci\u00f3n Infantil y Primaria, y Profesores de Educaci\u00f3n Secundaria. Completa tu formaci\u00f3n Tambi\u00e9n para Sexenios y Concurso General de Traslados. Ahora puedes realizar formaci\u00f3n de postgrado para el profesorado con nuestros M\u00e1steres Oficiales Universitarios (1 punto para oposiciones y 3 puntos en Concurso General de Traslados). Consigue importantes descuentos con Campuseducacion.com en tu formaci\u00f3n homologada: 30% para afiliados a ANPE en cursos a distancia.","sameAs":["https:\/\/www.campuseducacion.com","https:\/\/www.facebook.com\/Campuseducacion.es","https:\/\/x.com\/https:\/\/twitter.com\/Campuseducacion"],"url":"https:\/\/www.campuseducacion.com\/blog\/autores\/campuseducacion-com-4\/"}]}},"amp_enabled":true,"_links":{"self":[{"href":"https:\/\/www.campuseducacion.com\/blog\/wp-json\/wp\/v2\/posts\/12609","targetHints":{"allow":["GET"]}}],"collection":[{"href":"https:\/\/www.campuseducacion.com\/blog\/wp-json\/wp\/v2\/posts"}],"about":[{"href":"https:\/\/www.campuseducacion.com\/blog\/wp-json\/wp\/v2\/types\/post"}],"author":[{"embeddable":true,"href":"https:\/\/www.campuseducacion.com\/blog\/wp-json\/wp\/v2\/users\/7"}],"replies":[{"embeddable":true,"href":"https:\/\/www.campuseducacion.com\/blog\/wp-json\/wp\/v2\/comments?post=12609"}],"version-history":[{"count":2,"href":"https:\/\/www.campuseducacion.com\/blog\/wp-json\/wp\/v2\/posts\/12609\/revisions"}],"predecessor-version":[{"id":12612,"href":"https:\/\/www.campuseducacion.com\/blog\/wp-json\/wp\/v2\/posts\/12609\/revisions\/12612"}],"wp:featuredmedia":[{"embeddable":true,"href":"https:\/\/www.campuseducacion.com\/blog\/wp-json\/wp\/v2\/media\/6220"}],"wp:attachment":[{"href":"https:\/\/www.campuseducacion.com\/blog\/wp-json\/wp\/v2\/media?parent=12609"}],"wp:term":[{"taxonomy":"category","embeddable":true,"href":"https:\/\/www.campuseducacion.com\/blog\/wp-json\/wp\/v2\/categories?post=12609"},{"taxonomy":"post_tag","embeddable":true,"href":"https:\/\/www.campuseducacion.com\/blog\/wp-json\/wp\/v2\/tags?post=12609"}],"curies":[{"name":"wp","href":"https:\/\/api.w.org\/{rel}","templated":true}]}}