{"id":1420,"date":"2013-06-18T11:36:10","date_gmt":"2013-06-18T09:36:10","guid":{"rendered":"http:\/\/www.campuseducacion.com\/oposiciones\/?p=1420"},"modified":"2017-09-19T12:12:12","modified_gmt":"2017-09-19T10:12:12","slug":"aragon-baremo-provisional-oposiciones-maestros-2013","status":"publish","type":"post","link":"https:\/\/www.campuseducacion.com\/blog\/oposiciones\/comunidades\/aragon\/aragon-baremo-provisional-oposiciones-maestros-2013\/","title":{"rendered":"Oposiciones Maestros Arag\u00f3n 2013. Baremo provisional"},"content":{"rendered":"<p style=\"text-align: justify;\">Oposiciones Maestros Arag\u00f3n 2013. Baremo provisional.<\/p>\n<p style=\"text-align: justify;\">RESOLUCI\u00d3N de 17 de junio de 2013, del Director General de Gesti\u00f3n de Personal, por la que se resuelve la asignaci\u00f3n de la puntuaci\u00f3n provisional que corresponde a los aspirantes en la fase de concurso del procedimiento selectivo de ingreso y accesos al Cuerpo de Maestros y procedimiento para la adquisici\u00f3n de nuevas especialidades por los funcionarios del mencionado Cuerpo.<!--more--><\/p>\n<p>Ver Resoluci\u00f3n:<\/p>\n<div>\n<div>\n<ul>\n<li><a href=\"http:\/\/www.educaragon.org\/files\/Resoluci%C3%B3n%20provisional%2822%29.pdf\" target=\"_blank\" rel=\"noopener\">Resoluci\u00f3n Baremo Provisional ((34\u00a0KB)) <\/a><\/li>\n<\/ul>\n<\/div>\n<\/div>\n<p style=\"text-align: justify;\"><strong>PLAZO PARA REALIZAR ALEGACIONES: HASTA EL 24 DE JUNIO DE 2013, ANTE EL SERVICIO PROVINCIAL QUE HAYA EFECTUADO LA BAREMACI\u00d3N.<\/strong><\/p>\n<p style=\"text-align: justify;\">Las personas que ya formaban parte de las listas de interinos de Maestros en nuestra Comunidad Aut\u00f3noma deber\u00e1n comprobarse en el baremo de oposici\u00f3n.<\/p>\n<p style=\"text-align: justify;\">Las personas que se presentan por primera vez a la oposici\u00f3n y NO formaban parte de las listas de interinos de Maestros en nuestra Comunidad Aut\u00f3noma, deber\u00e1n comprobarse en el baremo de oposici\u00f3n por un lado, y en Nuevos aspirantes a r\u00e9gimen de interinidad Provisional por otro lado, en aquellas especialidades en que haya presentado solicitud para incorporarse a listas.<\/p>\n<p style=\"text-align: center;\"><span style=\"font-size: x-large;\"><b>\u00a1Recuerda!<\/b><\/span><\/p>\n<p style=\"text-align: justify;\">Tienes disponible el <strong>curso para oposiciones<\/strong> de <strong>maestros<\/strong> y <strong>profesores<\/strong> totalmente abierto y <strong>gratuito<\/strong> que te ayudar\u00e1 a preparar la Exposici\u00f3n ante el tribunal de Oposiciones. Este curso est\u00e1 dirigido a opositores maestros de educaci\u00f3n infantil, maestros de educaci\u00f3n primaria, profesores de educaci\u00f3n secundaria y formaci\u00f3n profesional, artes esc\u00e9nicas, etc.<\/p>\n<p>&nbsp;<\/p>\n<p><a href=\"https:\/\/www.campuseducacion.com\/curso-abierto\"><img loading=\"lazy\" decoding=\"async\" class=\"size-full wp-image-9348 aligncenter\" src=\"https:\/\/www.campuseducacion.com\/blog\/wp-content\/uploads\/2017\/03\/curso_gratuito.png\" alt=\"Curso Gratuito\" width=\"269\" height=\"68\" srcset=\"https:\/\/www.campuseducacion.com\/blog\/wp-content\/uploads\/2017\/03\/curso_gratuito.png 269w, https:\/\/www.campuseducacion.com\/blog\/wp-content\/uploads\/2017\/03\/curso_gratuito-150x38.png 150w, https:\/\/www.campuseducacion.com\/blog\/wp-content\/uploads\/2017\/03\/curso_gratuito-265x68.png 265w\" sizes=\"auto, (max-width: 269px) 100vw, 269px\" \/><\/a><\/p>\n<p style=\"text-align: justify;\">El curso \u201c<a title=\"Curso gratuito oposiciones maestros y profesores Exposici\u00f3n ante el tribunal\" href=\"https:\/\/www.campuseducacion.com\/curso-abierto\" target=\"_blank\" rel=\"noopener\"><strong>Exposici\u00f3n y Defensa de la Unidad Did\u00e1ctica. Oposiciones Docentes 2013<\/strong><\/a>\u2033 pone a disposici\u00f3n de todos los aspirantes a la funci\u00f3n p\u00fablica docente, una serie de estrategias y recursos que pueden aumentar la posibilidad de alcanzar el \u00e9xito, gracias a una mejor actuaci\u00f3n en la prueba de defensa y exposici\u00f3n de la Unidad Did\u00e1ctica.<\/p>\n<h3 style=\"text-align: justify;\">Disponible tambi\u00e9n para dispositivos iPad<\/h3>\n<p style=\"text-align: justify;\">El Material de este curso se encuentra disponible en la App Store de Apple para dispositivos iPad. Consiste en una aplicaci\u00f3n Didactytab totalmente Gratuita que pod\u00e9is encontrar en el\u00a0<a title=\"DidactyTab - Exposici\u00f3n\" href=\"https:\/\/itunes.apple.com\/us\/app\/didactytab-exposicion-y-defensa\/id622544605?l=es&amp;ls=1&amp;mt=8\" target=\"_blank\" rel=\"noopener\">siguiente enlace<\/a>.<\/p>\n\n\n<div class=\"kk-star-ratings kksr-auto kksr-align-left kksr-valign-bottom\"\n    data-payload='{&quot;align&quot;:&quot;left&quot;,&quot;id&quot;:&quot;1420&quot;,&quot;slug&quot;:&quot;default&quot;,&quot;valign&quot;:&quot;bottom&quot;,&quot;ignore&quot;:&quot;&quot;,&quot;reference&quot;:&quot;auto&quot;,&quot;class&quot;:&quot;&quot;,&quot;count&quot;:&quot;23&quot;,&quot;legendonly&quot;:&quot;&quot;,&quot;readonly&quot;:&quot;&quot;,&quot;score&quot;:&quot;4.2&quot;,&quot;starsonly&quot;:&quot;&quot;,&quot;best&quot;:&quot;5&quot;,&quot;gap&quot;:&quot;5&quot;,&quot;greet&quot;:&quot;&quot;,&quot;legend&quot;:&quot;4.2\\\/5 - (23 votos)&quot;,&quot;size&quot;:&quot;15&quot;,&quot;title&quot;:&quot;Oposiciones Maestros Arag\u00f3n 2013. Baremo provisional&quot;,&quot;width&quot;:&quot;81.5&quot;,&quot;_legend&quot;:&quot;{score}\\\/{best} - ({count} {votes})&quot;,&quot;font_factor&quot;:&quot;1.25&quot;}'>\n            \n<div class=\"kksr-stars\">\n    \n<div class=\"kksr-stars-inactive\">\n            <div class=\"kksr-star\" data-star=\"1\" style=\"padding-right: 5px\">\n            \n\n<div class=\"kksr-icon\" style=\"width: 15px; height: 15px;\"><\/div>\n        <\/div>\n            <div class=\"kksr-star\" data-star=\"2\" style=\"padding-right: 5px\">\n            \n\n<div class=\"kksr-icon\" style=\"width: 15px; height: 15px;\"><\/div>\n        <\/div>\n            <div class=\"kksr-star\" data-star=\"3\" style=\"padding-right: 5px\">\n            \n\n<div class=\"kksr-icon\" style=\"width: 15px; height: 15px;\"><\/div>\n        <\/div>\n            <div class=\"kksr-star\" data-star=\"4\" style=\"padding-right: 5px\">\n            \n\n<div class=\"kksr-icon\" style=\"width: 15px; height: 15px;\"><\/div>\n        <\/div>\n            <div class=\"kksr-star\" data-star=\"5\" style=\"padding-right: 5px\">\n            \n\n<div class=\"kksr-icon\" style=\"width: 15px; height: 15px;\"><\/div>\n        <\/div>\n    <\/div>\n    \n<div class=\"kksr-stars-active\" style=\"width: 81.5px;\">\n            <div class=\"kksr-star\" style=\"padding-right: 5px\">\n            \n\n<div class=\"kksr-icon\" style=\"width: 15px; height: 15px;\"><\/div>\n        <\/div>\n            <div class=\"kksr-star\" style=\"padding-right: 5px\">\n            \n\n<div class=\"kksr-icon\" style=\"width: 15px; height: 15px;\"><\/div>\n        <\/div>\n            <div class=\"kksr-star\" style=\"padding-right: 5px\">\n            \n\n<div class=\"kksr-icon\" style=\"width: 15px; height: 15px;\"><\/div>\n        <\/div>\n            <div class=\"kksr-star\" style=\"padding-right: 5px\">\n            \n\n<div class=\"kksr-icon\" style=\"width: 15px; height: 15px;\"><\/div>\n        <\/div>\n            <div class=\"kksr-star\" style=\"padding-right: 5px\">\n            \n\n<div class=\"kksr-icon\" style=\"width: 15px; height: 15px;\"><\/div>\n        <\/div>\n    <\/div>\n<\/div>\n                \n\n<div class=\"kksr-legend\" style=\"font-size: 12px;\">\n            4.2\/5 - (23 votos)    <\/div>\n    <\/div>\n","protected":false},"excerpt":{"rendered":"<p>Oposiciones Maestros Arag\u00f3n 2013. Baremo provisional. RESOLUCI\u00d3N de 17 de junio de 2013, del Director General de Gesti\u00f3n de Personal, por la que se resuelve la asignaci\u00f3n de la puntuaci\u00f3n provisional que corresponde a los aspirantes en la fase de concurso del procedimiento selectivo de ingreso y accesos al Cuerpo de Maestros y procedimiento para [&hellip;]<\/p>\n","protected":false},"author":2,"featured_media":783,"comment_status":"open","ping_status":"open","sticky":false,"template":"","format":"standard","meta":{"tdm_status":"","tdm_grid_status":"","footnotes":""},"categories":[12,1058],"tags":[293],"class_list":{"0":"post-1420","1":"post","2":"type-post","3":"status-publish","4":"format-standard","5":"has-post-thumbnail","7":"category-aragon","8":"category-oposiciones-maestros-2013","9":"tag-meritos"},"yoast_head":"<!-- This site is optimized with the Yoast SEO plugin v27.4 - https:\/\/yoast.com\/product\/yoast-seo-wordpress\/ -->\n<title>Oposiciones Maestros Arag\u00f3n 2013. Baremo provisional - Campuseducacion.com<\/title>\n<meta name=\"description\" content=\"Oposiciones Maestros Arag\u00f3n 2013. Baremo provisional. RESOLUCI\u00d3N de 17 de junio de 2013, del Director General de Gesti\u00f3n de Personal, por la que se\" \/>\n<meta name=\"robots\" content=\"index, follow, max-snippet:-1, max-image-preview:large, max-video-preview:-1\" \/>\n<link rel=\"canonical\" href=\"https:\/\/www.campuseducacion.com\/blog\/oposiciones\/comunidades\/aragon\/aragon-baremo-provisional-oposiciones-maestros-2013\/\" \/>\n<meta property=\"og:locale\" content=\"es_ES\" \/>\n<meta property=\"og:type\" content=\"article\" \/>\n<meta property=\"og:title\" content=\"Oposiciones Maestros Arag\u00f3n 2013. Baremo provisional - Campuseducacion.com\" \/>\n<meta property=\"og:description\" content=\"Oposiciones Maestros Arag\u00f3n 2013. Baremo provisional. RESOLUCI\u00d3N de 17 de junio de 2013, del Director General de Gesti\u00f3n de Personal, por la que se\" \/>\n<meta property=\"og:url\" content=\"https:\/\/www.campuseducacion.com\/blog\/oposiciones\/comunidades\/aragon\/aragon-baremo-provisional-oposiciones-maestros-2013\/\" \/>\n<meta property=\"og:site_name\" content=\"BLOG Noticias Oposiciones y bolsas Trabajo Interinos. Campuseducacion.com\" \/>\n<meta property=\"article:publisher\" content=\"https:\/\/www.facebook.com\/Campuseducacion.es\" \/>\n<meta property=\"article:author\" content=\"https:\/\/www.facebook.com\/Campuseducacion.es\" \/>\n<meta property=\"article:published_time\" content=\"2013-06-18T09:36:10+00:00\" \/>\n<meta property=\"article:modified_time\" content=\"2017-09-19T10:12:12+00:00\" \/>\n<meta property=\"og:image\" content=\"https:\/\/www.campuseducacion.com\/blog\/wp-content\/uploads\/2013\/05\/aragon.gif\" \/>\n\t<meta property=\"og:image:width\" content=\"620\" \/>\n\t<meta property=\"og:image:height\" content=\"330\" \/>\n\t<meta property=\"og:image:type\" content=\"image\/gif\" \/>\n<meta name=\"author\" content=\"Campuseducacion.com\" \/>\n<meta name=\"twitter:card\" content=\"summary_large_image\" \/>\n<meta name=\"twitter:creator\" content=\"@https:\/\/twitter.com\/Campuseducacion\" \/>\n<meta name=\"twitter:site\" content=\"@Campuseducacion\" \/>\n<meta name=\"twitter:label1\" content=\"Escrito por\" \/>\n\t<meta name=\"twitter:data1\" content=\"Campuseducacion.com\" \/>\n\t<meta name=\"twitter:label2\" content=\"Tiempo de lectura\" \/>\n\t<meta name=\"twitter:data2\" content=\"2 minutos\" \/>\n<script type=\"application\/ld+json\" class=\"yoast-schema-graph\">{\"@context\":\"https:\\\/\\\/schema.org\",\"@graph\":[{\"@type\":\"Article\",\"@id\":\"https:\\\/\\\/www.campuseducacion.com\\\/blog\\\/oposiciones\\\/comunidades\\\/aragon\\\/aragon-baremo-provisional-oposiciones-maestros-2013\\\/#article\",\"isPartOf\":{\"@id\":\"https:\\\/\\\/www.campuseducacion.com\\\/blog\\\/oposiciones\\\/comunidades\\\/aragon\\\/aragon-baremo-provisional-oposiciones-maestros-2013\\\/\"},\"author\":{\"name\":\"Campuseducacion.com\",\"@id\":\"https:\\\/\\\/www.campuseducacion.com\\\/blog\\\/#\\\/schema\\\/person\\\/62fa9d1bd01a38844a0fea68cbbc9f3f\"},\"headline\":\"Oposiciones Maestros Arag\u00f3n 2013. Baremo provisional\",\"datePublished\":\"2013-06-18T09:36:10+00:00\",\"dateModified\":\"2017-09-19T10:12:12+00:00\",\"mainEntityOfPage\":{\"@id\":\"https:\\\/\\\/www.campuseducacion.com\\\/blog\\\/oposiciones\\\/comunidades\\\/aragon\\\/aragon-baremo-provisional-oposiciones-maestros-2013\\\/\"},\"wordCount\":353,\"commentCount\":0,\"image\":{\"@id\":\"https:\\\/\\\/www.campuseducacion.com\\\/blog\\\/oposiciones\\\/comunidades\\\/aragon\\\/aragon-baremo-provisional-oposiciones-maestros-2013\\\/#primaryimage\"},\"thumbnailUrl\":\"https:\\\/\\\/www.campuseducacion.com\\\/blog\\\/wp-content\\\/uploads\\\/2013\\\/05\\\/aragon.gif\",\"keywords\":[\"m\u00e9ritos\"],\"articleSection\":[\"Oposiciones Arag\u00f3n\",\"Oposiciones Maestros 2013\"],\"inLanguage\":\"es\",\"potentialAction\":[{\"@type\":\"CommentAction\",\"name\":\"Comment\",\"target\":[\"https:\\\/\\\/www.campuseducacion.com\\\/blog\\\/oposiciones\\\/comunidades\\\/aragon\\\/aragon-baremo-provisional-oposiciones-maestros-2013\\\/#respond\"]}]},{\"@type\":\"WebPage\",\"@id\":\"https:\\\/\\\/www.campuseducacion.com\\\/blog\\\/oposiciones\\\/comunidades\\\/aragon\\\/aragon-baremo-provisional-oposiciones-maestros-2013\\\/\",\"url\":\"https:\\\/\\\/www.campuseducacion.com\\\/blog\\\/oposiciones\\\/comunidades\\\/aragon\\\/aragon-baremo-provisional-oposiciones-maestros-2013\\\/\",\"name\":\"Oposiciones Maestros Arag\u00f3n 2013. Baremo provisional - Campuseducacion.com\",\"isPartOf\":{\"@id\":\"https:\\\/\\\/www.campuseducacion.com\\\/blog\\\/#website\"},\"primaryImageOfPage\":{\"@id\":\"https:\\\/\\\/www.campuseducacion.com\\\/blog\\\/oposiciones\\\/comunidades\\\/aragon\\\/aragon-baremo-provisional-oposiciones-maestros-2013\\\/#primaryimage\"},\"image\":{\"@id\":\"https:\\\/\\\/www.campuseducacion.com\\\/blog\\\/oposiciones\\\/comunidades\\\/aragon\\\/aragon-baremo-provisional-oposiciones-maestros-2013\\\/#primaryimage\"},\"thumbnailUrl\":\"https:\\\/\\\/www.campuseducacion.com\\\/blog\\\/wp-content\\\/uploads\\\/2013\\\/05\\\/aragon.gif\",\"datePublished\":\"2013-06-18T09:36:10+00:00\",\"dateModified\":\"2017-09-19T10:12:12+00:00\",\"author\":{\"@id\":\"https:\\\/\\\/www.campuseducacion.com\\\/blog\\\/#\\\/schema\\\/person\\\/62fa9d1bd01a38844a0fea68cbbc9f3f\"},\"description\":\"Oposiciones Maestros Arag\u00f3n 2013. Baremo provisional. RESOLUCI\u00d3N de 17 de junio de 2013, del Director General de Gesti\u00f3n de Personal, por la que se\",\"breadcrumb\":{\"@id\":\"https:\\\/\\\/www.campuseducacion.com\\\/blog\\\/oposiciones\\\/comunidades\\\/aragon\\\/aragon-baremo-provisional-oposiciones-maestros-2013\\\/#breadcrumb\"},\"inLanguage\":\"es\",\"potentialAction\":[{\"@type\":\"ReadAction\",\"target\":[\"https:\\\/\\\/www.campuseducacion.com\\\/blog\\\/oposiciones\\\/comunidades\\\/aragon\\\/aragon-baremo-provisional-oposiciones-maestros-2013\\\/\"]}]},{\"@type\":\"ImageObject\",\"inLanguage\":\"es\",\"@id\":\"https:\\\/\\\/www.campuseducacion.com\\\/blog\\\/oposiciones\\\/comunidades\\\/aragon\\\/aragon-baremo-provisional-oposiciones-maestros-2013\\\/#primaryimage\",\"url\":\"https:\\\/\\\/www.campuseducacion.com\\\/blog\\\/wp-content\\\/uploads\\\/2013\\\/05\\\/aragon.gif\",\"contentUrl\":\"https:\\\/\\\/www.campuseducacion.com\\\/blog\\\/wp-content\\\/uploads\\\/2013\\\/05\\\/aragon.gif\",\"width\":620,\"height\":330,\"caption\":\"Noticia sobre educaci\u00f3n y oposiciones para profesores y maestros en Arag\u00f3n\"},{\"@type\":\"BreadcrumbList\",\"@id\":\"https:\\\/\\\/www.campuseducacion.com\\\/blog\\\/oposiciones\\\/comunidades\\\/aragon\\\/aragon-baremo-provisional-oposiciones-maestros-2013\\\/#breadcrumb\",\"itemListElement\":[{\"@type\":\"ListItem\",\"position\":1,\"name\":\"Portada\",\"item\":\"https:\\\/\\\/www.campuseducacion.com\\\/blog\\\/\"},{\"@type\":\"ListItem\",\"position\":2,\"name\":\"Oposiciones Maestros Arag\u00f3n 2013. Baremo provisional\"}]},{\"@type\":\"WebSite\",\"@id\":\"https:\\\/\\\/www.campuseducacion.com\\\/blog\\\/#website\",\"url\":\"https:\\\/\\\/www.campuseducacion.com\\\/blog\\\/\",\"name\":\"BLOG Noticias Oposiciones y bolsas Trabajo Interinos. Campuseducacion.com\",\"description\":\"Actualidad en Oposiciones Maestros de Infantil Primaria y Profesores Secundaria\",\"potentialAction\":[{\"@type\":\"SearchAction\",\"target\":{\"@type\":\"EntryPoint\",\"urlTemplate\":\"https:\\\/\\\/www.campuseducacion.com\\\/blog\\\/?s={search_term_string}\"},\"query-input\":{\"@type\":\"PropertyValueSpecification\",\"valueRequired\":true,\"valueName\":\"search_term_string\"}}],\"inLanguage\":\"es\"},{\"@type\":\"Person\",\"@id\":\"https:\\\/\\\/www.campuseducacion.com\\\/blog\\\/#\\\/schema\\\/person\\\/62fa9d1bd01a38844a0fea68cbbc9f3f\",\"name\":\"Campuseducacion.com\",\"image\":{\"@type\":\"ImageObject\",\"inLanguage\":\"es\",\"@id\":\"https:\\\/\\\/www.campuseducacion.com\\\/blog\\\/wp-content\\\/uploads\\\/2013\\\/05\\\/LogoCampusEducacionCuadrado_125px.png\",\"url\":\"https:\\\/\\\/www.campuseducacion.com\\\/blog\\\/wp-content\\\/uploads\\\/2013\\\/05\\\/LogoCampusEducacionCuadrado_125px.png\",\"contentUrl\":\"https:\\\/\\\/www.campuseducacion.com\\\/blog\\\/wp-content\\\/uploads\\\/2013\\\/05\\\/LogoCampusEducacionCuadrado_125px.png\",\"caption\":\"Campuseducacion.com\"},\"description\":\"Campuseducacion.com te ofrece una amplia oferta en cursos homologados a distancia on-line para Oposiciones: cursos v\u00e1lidos para m\u00e9ritos en las Oposiciones de Maestros en Educaci\u00f3n Infantil y Primaria, y Profesores de Educaci\u00f3n Secundaria. Completa tu formaci\u00f3n Tambi\u00e9n para Sexenios y Concurso General de Traslados. Ahora puedes realizar formaci\u00f3n de postgrado para el profesorado con nuestros M\u00e1steres Oficiales Universitarios (1 punto para oposiciones y 3 puntos en Concurso General de Traslados). Consigue importantes descuentos con Campuseducacion.com en tu formaci\u00f3n homologada: 30% para afiliados a ANPE en cursos a distancia.\",\"sameAs\":[\"https:\\\/\\\/www.campuseducacion.com\",\"https:\\\/\\\/www.facebook.com\\\/Campuseducacion.es\",\"https:\\\/\\\/x.com\\\/https:\\\/\\\/twitter.com\\\/Campuseducacion\"],\"url\":\"https:\\\/\\\/www.campuseducacion.com\\\/blog\\\/autores\\\/adminopos\\\/\"}]}<\/script>\n<!-- \/ Yoast SEO plugin. -->","yoast_head_json":{"title":"Oposiciones Maestros Arag\u00f3n 2013. Baremo provisional - Campuseducacion.com","description":"Oposiciones Maestros Arag\u00f3n 2013. Baremo provisional. RESOLUCI\u00d3N de 17 de junio de 2013, del Director General de Gesti\u00f3n de Personal, por la que se","robots":{"index":"index","follow":"follow","max-snippet":"max-snippet:-1","max-image-preview":"max-image-preview:large","max-video-preview":"max-video-preview:-1"},"canonical":"https:\/\/www.campuseducacion.com\/blog\/oposiciones\/comunidades\/aragon\/aragon-baremo-provisional-oposiciones-maestros-2013\/","og_locale":"es_ES","og_type":"article","og_title":"Oposiciones Maestros Arag\u00f3n 2013. Baremo provisional - Campuseducacion.com","og_description":"Oposiciones Maestros Arag\u00f3n 2013. Baremo provisional. RESOLUCI\u00d3N de 17 de junio de 2013, del Director General de Gesti\u00f3n de Personal, por la que se","og_url":"https:\/\/www.campuseducacion.com\/blog\/oposiciones\/comunidades\/aragon\/aragon-baremo-provisional-oposiciones-maestros-2013\/","og_site_name":"BLOG Noticias Oposiciones y bolsas Trabajo Interinos. Campuseducacion.com","article_publisher":"https:\/\/www.facebook.com\/Campuseducacion.es","article_author":"https:\/\/www.facebook.com\/Campuseducacion.es","article_published_time":"2013-06-18T09:36:10+00:00","article_modified_time":"2017-09-19T10:12:12+00:00","og_image":[{"width":620,"height":330,"url":"https:\/\/www.campuseducacion.com\/blog\/wp-content\/uploads\/2013\/05\/aragon.gif","type":"image\/gif"}],"author":"Campuseducacion.com","twitter_card":"summary_large_image","twitter_creator":"@https:\/\/twitter.com\/Campuseducacion","twitter_site":"@Campuseducacion","twitter_misc":{"Escrito por":"Campuseducacion.com","Tiempo de lectura":"2 minutos"},"schema":{"@context":"https:\/\/schema.org","@graph":[{"@type":"Article","@id":"https:\/\/www.campuseducacion.com\/blog\/oposiciones\/comunidades\/aragon\/aragon-baremo-provisional-oposiciones-maestros-2013\/#article","isPartOf":{"@id":"https:\/\/www.campuseducacion.com\/blog\/oposiciones\/comunidades\/aragon\/aragon-baremo-provisional-oposiciones-maestros-2013\/"},"author":{"name":"Campuseducacion.com","@id":"https:\/\/www.campuseducacion.com\/blog\/#\/schema\/person\/62fa9d1bd01a38844a0fea68cbbc9f3f"},"headline":"Oposiciones Maestros Arag\u00f3n 2013. Baremo provisional","datePublished":"2013-06-18T09:36:10+00:00","dateModified":"2017-09-19T10:12:12+00:00","mainEntityOfPage":{"@id":"https:\/\/www.campuseducacion.com\/blog\/oposiciones\/comunidades\/aragon\/aragon-baremo-provisional-oposiciones-maestros-2013\/"},"wordCount":353,"commentCount":0,"image":{"@id":"https:\/\/www.campuseducacion.com\/blog\/oposiciones\/comunidades\/aragon\/aragon-baremo-provisional-oposiciones-maestros-2013\/#primaryimage"},"thumbnailUrl":"https:\/\/www.campuseducacion.com\/blog\/wp-content\/uploads\/2013\/05\/aragon.gif","keywords":["m\u00e9ritos"],"articleSection":["Oposiciones Arag\u00f3n","Oposiciones Maestros 2013"],"inLanguage":"es","potentialAction":[{"@type":"CommentAction","name":"Comment","target":["https:\/\/www.campuseducacion.com\/blog\/oposiciones\/comunidades\/aragon\/aragon-baremo-provisional-oposiciones-maestros-2013\/#respond"]}]},{"@type":"WebPage","@id":"https:\/\/www.campuseducacion.com\/blog\/oposiciones\/comunidades\/aragon\/aragon-baremo-provisional-oposiciones-maestros-2013\/","url":"https:\/\/www.campuseducacion.com\/blog\/oposiciones\/comunidades\/aragon\/aragon-baremo-provisional-oposiciones-maestros-2013\/","name":"Oposiciones Maestros Arag\u00f3n 2013. Baremo provisional - Campuseducacion.com","isPartOf":{"@id":"https:\/\/www.campuseducacion.com\/blog\/#website"},"primaryImageOfPage":{"@id":"https:\/\/www.campuseducacion.com\/blog\/oposiciones\/comunidades\/aragon\/aragon-baremo-provisional-oposiciones-maestros-2013\/#primaryimage"},"image":{"@id":"https:\/\/www.campuseducacion.com\/blog\/oposiciones\/comunidades\/aragon\/aragon-baremo-provisional-oposiciones-maestros-2013\/#primaryimage"},"thumbnailUrl":"https:\/\/www.campuseducacion.com\/blog\/wp-content\/uploads\/2013\/05\/aragon.gif","datePublished":"2013-06-18T09:36:10+00:00","dateModified":"2017-09-19T10:12:12+00:00","author":{"@id":"https:\/\/www.campuseducacion.com\/blog\/#\/schema\/person\/62fa9d1bd01a38844a0fea68cbbc9f3f"},"description":"Oposiciones Maestros Arag\u00f3n 2013. Baremo provisional. RESOLUCI\u00d3N de 17 de junio de 2013, del Director General de Gesti\u00f3n de Personal, por la que se","breadcrumb":{"@id":"https:\/\/www.campuseducacion.com\/blog\/oposiciones\/comunidades\/aragon\/aragon-baremo-provisional-oposiciones-maestros-2013\/#breadcrumb"},"inLanguage":"es","potentialAction":[{"@type":"ReadAction","target":["https:\/\/www.campuseducacion.com\/blog\/oposiciones\/comunidades\/aragon\/aragon-baremo-provisional-oposiciones-maestros-2013\/"]}]},{"@type":"ImageObject","inLanguage":"es","@id":"https:\/\/www.campuseducacion.com\/blog\/oposiciones\/comunidades\/aragon\/aragon-baremo-provisional-oposiciones-maestros-2013\/#primaryimage","url":"https:\/\/www.campuseducacion.com\/blog\/wp-content\/uploads\/2013\/05\/aragon.gif","contentUrl":"https:\/\/www.campuseducacion.com\/blog\/wp-content\/uploads\/2013\/05\/aragon.gif","width":620,"height":330,"caption":"Noticia sobre educaci\u00f3n y oposiciones para profesores y maestros en Arag\u00f3n"},{"@type":"BreadcrumbList","@id":"https:\/\/www.campuseducacion.com\/blog\/oposiciones\/comunidades\/aragon\/aragon-baremo-provisional-oposiciones-maestros-2013\/#breadcrumb","itemListElement":[{"@type":"ListItem","position":1,"name":"Portada","item":"https:\/\/www.campuseducacion.com\/blog\/"},{"@type":"ListItem","position":2,"name":"Oposiciones Maestros Arag\u00f3n 2013. Baremo provisional"}]},{"@type":"WebSite","@id":"https:\/\/www.campuseducacion.com\/blog\/#website","url":"https:\/\/www.campuseducacion.com\/blog\/","name":"BLOG Noticias Oposiciones y bolsas Trabajo Interinos. Campuseducacion.com","description":"Actualidad en Oposiciones Maestros de Infantil Primaria y Profesores Secundaria","potentialAction":[{"@type":"SearchAction","target":{"@type":"EntryPoint","urlTemplate":"https:\/\/www.campuseducacion.com\/blog\/?s={search_term_string}"},"query-input":{"@type":"PropertyValueSpecification","valueRequired":true,"valueName":"search_term_string"}}],"inLanguage":"es"},{"@type":"Person","@id":"https:\/\/www.campuseducacion.com\/blog\/#\/schema\/person\/62fa9d1bd01a38844a0fea68cbbc9f3f","name":"Campuseducacion.com","image":{"@type":"ImageObject","inLanguage":"es","@id":"https:\/\/www.campuseducacion.com\/blog\/wp-content\/uploads\/2013\/05\/LogoCampusEducacionCuadrado_125px.png","url":"https:\/\/www.campuseducacion.com\/blog\/wp-content\/uploads\/2013\/05\/LogoCampusEducacionCuadrado_125px.png","contentUrl":"https:\/\/www.campuseducacion.com\/blog\/wp-content\/uploads\/2013\/05\/LogoCampusEducacionCuadrado_125px.png","caption":"Campuseducacion.com"},"description":"Campuseducacion.com te ofrece una amplia oferta en cursos homologados a distancia on-line para Oposiciones: cursos v\u00e1lidos para m\u00e9ritos en las Oposiciones de Maestros en Educaci\u00f3n Infantil y Primaria, y Profesores de Educaci\u00f3n Secundaria. Completa tu formaci\u00f3n Tambi\u00e9n para Sexenios y Concurso General de Traslados. Ahora puedes realizar formaci\u00f3n de postgrado para el profesorado con nuestros M\u00e1steres Oficiales Universitarios (1 punto para oposiciones y 3 puntos en Concurso General de Traslados). Consigue importantes descuentos con Campuseducacion.com en tu formaci\u00f3n homologada: 30% para afiliados a ANPE en cursos a distancia.","sameAs":["https:\/\/www.campuseducacion.com","https:\/\/www.facebook.com\/Campuseducacion.es","https:\/\/x.com\/https:\/\/twitter.com\/Campuseducacion"],"url":"https:\/\/www.campuseducacion.com\/blog\/autores\/adminopos\/"}]}},"amp_enabled":true,"_links":{"self":[{"href":"https:\/\/www.campuseducacion.com\/blog\/wp-json\/wp\/v2\/posts\/1420","targetHints":{"allow":["GET"]}}],"collection":[{"href":"https:\/\/www.campuseducacion.com\/blog\/wp-json\/wp\/v2\/posts"}],"about":[{"href":"https:\/\/www.campuseducacion.com\/blog\/wp-json\/wp\/v2\/types\/post"}],"author":[{"embeddable":true,"href":"https:\/\/www.campuseducacion.com\/blog\/wp-json\/wp\/v2\/users\/2"}],"replies":[{"embeddable":true,"href":"https:\/\/www.campuseducacion.com\/blog\/wp-json\/wp\/v2\/comments?post=1420"}],"version-history":[{"count":9,"href":"https:\/\/www.campuseducacion.com\/blog\/wp-json\/wp\/v2\/posts\/1420\/revisions"}],"predecessor-version":[{"id":11717,"href":"https:\/\/www.campuseducacion.com\/blog\/wp-json\/wp\/v2\/posts\/1420\/revisions\/11717"}],"wp:featuredmedia":[{"embeddable":true,"href":"https:\/\/www.campuseducacion.com\/blog\/wp-json\/wp\/v2\/media\/783"}],"wp:attachment":[{"href":"https:\/\/www.campuseducacion.com\/blog\/wp-json\/wp\/v2\/media?parent=1420"}],"wp:term":[{"taxonomy":"category","embeddable":true,"href":"https:\/\/www.campuseducacion.com\/blog\/wp-json\/wp\/v2\/categories?post=1420"},{"taxonomy":"post_tag","embeddable":true,"href":"https:\/\/www.campuseducacion.com\/blog\/wp-json\/wp\/v2\/tags?post=1420"}],"curies":[{"name":"wp","href":"https:\/\/api.w.org\/{rel}","templated":true}]}}