{"id":15232,"date":"2018-11-29T16:28:55","date_gmt":"2018-11-29T15:28:55","guid":{"rendered":"https:\/\/www.campuseducacion.com\/blog\/?p=15232"},"modified":"2018-12-20T20:13:51","modified_gmt":"2018-12-20T19:13:51","slug":"oposiciones-2019-pais-vasco-1825-plazas-para-el-cuerpo-de-maestros","status":"publish","type":"post","link":"https:\/\/www.campuseducacion.com\/blog\/oposiciones\/comunidades\/pais-vasco\/oposiciones-2019-pais-vasco-1825-plazas-para-el-cuerpo-de-maestros\/","title":{"rendered":"Oposiciones Pa\u00eds Vasco: 1825 plazas para el cuerpo de Maestros"},"content":{"rendered":"<p>La Consejer\u00eda de Educaci\u00f3n del Pa\u00eds Vasco anunci\u00f3 la <strong>convocatoria de una nueva Oferta P\u00fablica de Empleo<\/strong> para las Oposiciones del pr\u00f3ximo a\u00f1o.<\/p>\n<p>La OPE estar\u00e1 compuesta de <strong>1825 plazas para maestros de Infantil y Primaria<\/strong> (todas las especialidades), y con ella se har\u00e1 frente a la interinidad. Ser\u00e1 una herramienta para bajar la tasa de interinos que actualmente se sit\u00faa cerca del 27% del total de la plantilla docente.<\/p>\n<span class='bctt-click-to-tweet'><span class='bctt-ctt-text'><a href='https:\/\/x.com\/intent\/tweet?url=https%3A%2F%2Fwww.campuseducacion.com%2Fblog%2Foposiciones%2Fcomunidades%2Fpais-vasco%2Foposiciones-2019-pais-vasco-1825-plazas-para-el-cuerpo-de-maestros%2F&#038;text=1825%20%23PlazasDocentes%20para%20las%20%23Oposiciones2019%20en%20el%20%23Pa%C3%ADsVasco&#038;via=Campuseducacion&#038;related=Campuseducacion' target='_blank'rel=\"noopener noreferrer\">1825 #PlazasDocentes para las #Oposiciones2019 en el #Pa\u00edsVasco <\/a><\/span><a href='https:\/\/x.com\/intent\/tweet?url=https%3A%2F%2Fwww.campuseducacion.com%2Fblog%2Foposiciones%2Fcomunidades%2Fpais-vasco%2Foposiciones-2019-pais-vasco-1825-plazas-para-el-cuerpo-de-maestros%2F&#038;text=1825%20%23PlazasDocentes%20para%20las%20%23Oposiciones2019%20en%20el%20%23Pa%C3%ADsVasco&#038;via=Campuseducacion&#038;related=Campuseducacion' target='_blank' class='bctt-ctt-btn'rel=\"noopener noreferrer\">Compartir en X<\/a><\/span>\n<p>Fuente: <a href=\"https:\/\/www.noticiasdegipuzkoa.eus\/2018\/11\/27\/sociedad\/1825-plazas-en-la-ope-de-educacion\" target=\"_blank\" rel=\"noopener\">noticiasdegipuzcoa.eus<\/a><\/p>\n\n\n<div class=\"kk-star-ratings kksr-auto kksr-align-left kksr-valign-bottom\"\n    data-payload='{&quot;align&quot;:&quot;left&quot;,&quot;id&quot;:&quot;15232&quot;,&quot;slug&quot;:&quot;default&quot;,&quot;valign&quot;:&quot;bottom&quot;,&quot;ignore&quot;:&quot;&quot;,&quot;reference&quot;:&quot;auto&quot;,&quot;class&quot;:&quot;&quot;,&quot;count&quot;:&quot;1&quot;,&quot;legendonly&quot;:&quot;&quot;,&quot;readonly&quot;:&quot;&quot;,&quot;score&quot;:&quot;5&quot;,&quot;starsonly&quot;:&quot;&quot;,&quot;best&quot;:&quot;5&quot;,&quot;gap&quot;:&quot;5&quot;,&quot;greet&quot;:&quot;&quot;,&quot;legend&quot;:&quot;5\\\/5 - (1 voto)&quot;,&quot;size&quot;:&quot;15&quot;,&quot;title&quot;:&quot;Oposiciones Pa\u00eds Vasco: 1825 plazas para el cuerpo de Maestros&quot;,&quot;width&quot;:&quot;97.5&quot;,&quot;_legend&quot;:&quot;{score}\\\/{best} - ({count} {votes})&quot;,&quot;font_factor&quot;:&quot;1.25&quot;}'>\n            \n<div class=\"kksr-stars\">\n    \n<div class=\"kksr-stars-inactive\">\n            <div class=\"kksr-star\" data-star=\"1\" style=\"padding-right: 5px\">\n            \n\n<div class=\"kksr-icon\" style=\"width: 15px; height: 15px;\"><\/div>\n        <\/div>\n            <div class=\"kksr-star\" data-star=\"2\" style=\"padding-right: 5px\">\n            \n\n<div class=\"kksr-icon\" style=\"width: 15px; height: 15px;\"><\/div>\n        <\/div>\n            <div class=\"kksr-star\" data-star=\"3\" style=\"padding-right: 5px\">\n            \n\n<div class=\"kksr-icon\" style=\"width: 15px; height: 15px;\"><\/div>\n        <\/div>\n            <div class=\"kksr-star\" data-star=\"4\" style=\"padding-right: 5px\">\n            \n\n<div class=\"kksr-icon\" style=\"width: 15px; height: 15px;\"><\/div>\n        <\/div>\n            <div class=\"kksr-star\" data-star=\"5\" style=\"padding-right: 5px\">\n            \n\n<div class=\"kksr-icon\" style=\"width: 15px; height: 15px;\"><\/div>\n        <\/div>\n    <\/div>\n    \n<div class=\"kksr-stars-active\" style=\"width: 97.5px;\">\n            <div class=\"kksr-star\" style=\"padding-right: 5px\">\n            \n\n<div class=\"kksr-icon\" style=\"width: 15px; height: 15px;\"><\/div>\n        <\/div>\n            <div class=\"kksr-star\" style=\"padding-right: 5px\">\n            \n\n<div class=\"kksr-icon\" style=\"width: 15px; height: 15px;\"><\/div>\n        <\/div>\n            <div class=\"kksr-star\" style=\"padding-right: 5px\">\n            \n\n<div class=\"kksr-icon\" style=\"width: 15px; height: 15px;\"><\/div>\n        <\/div>\n            <div class=\"kksr-star\" style=\"padding-right: 5px\">\n            \n\n<div class=\"kksr-icon\" style=\"width: 15px; height: 15px;\"><\/div>\n        <\/div>\n            <div class=\"kksr-star\" style=\"padding-right: 5px\">\n            \n\n<div class=\"kksr-icon\" style=\"width: 15px; height: 15px;\"><\/div>\n        <\/div>\n    <\/div>\n<\/div>\n                \n\n<div class=\"kksr-legend\" style=\"font-size: 12px;\">\n            5\/5 - (1 voto)    <\/div>\n    <\/div>\n","protected":false},"excerpt":{"rendered":"<p>La Consejer\u00eda de Educaci\u00f3n del Pa\u00eds Vasco anunci\u00f3 la convocatoria de una nueva Oferta P\u00fablica de Empleo para las Oposiciones del pr\u00f3ximo a\u00f1o. La OPE estar\u00e1 compuesta de 1825 plazas para maestros de Infantil y Primaria (todas las especialidades), y con ella se har\u00e1 frente a la interinidad. Ser\u00e1 una herramienta para bajar la tasa [&hellip;]<\/p>\n","protected":false},"author":2,"featured_media":6103,"comment_status":"open","ping_status":"open","sticky":false,"template":"","format":"standard","meta":{"tdm_status":"","tdm_grid_status":"","footnotes":""},"categories":[47,9,949,1140],"tags":[1114,1132,298],"class_list":{"0":"post-15232","1":"post","2":"type-post","3":"status-publish","4":"format-standard","5":"has-post-thumbnail","7":"category-oposiciones","8":"category-pais-vasco","9":"category-oposiciones-secundaria-2019-noticias-oposiciones","10":"category-articulo-popular-2019","11":"tag-maestros","12":"tag-oposiciones-2019","13":"tag-plazas"},"yoast_head":"<!-- This site is optimized with the Yoast SEO plugin v27.4 - https:\/\/yoast.com\/product\/yoast-seo-wordpress\/ -->\n<title>Oposiciones Pa\u00eds Vasco: 1825 plazas para el cuerpo de Maestros - Campuseducacion.com<\/title>\n<meta name=\"description\" content=\"La Consejer\u00eda de Educaci\u00f3n del Pa\u00eds Vasco anunci\u00f3 la convocatoria de una nueva Oferta P\u00fablica de Empleo para las Oposiciones del pr\u00f3ximo a\u00f1o. La OPE\" \/>\n<meta name=\"robots\" content=\"index, follow, max-snippet:-1, max-image-preview:large, max-video-preview:-1\" \/>\n<link rel=\"canonical\" href=\"https:\/\/www.campuseducacion.com\/blog\/oposiciones\/comunidades\/pais-vasco\/oposiciones-2019-pais-vasco-1825-plazas-para-el-cuerpo-de-maestros\/\" \/>\n<meta property=\"og:locale\" content=\"es_ES\" \/>\n<meta property=\"og:type\" content=\"article\" \/>\n<meta property=\"og:title\" content=\"Oposiciones Pa\u00eds Vasco: 1825 plazas para el cuerpo de Maestros - Campuseducacion.com\" \/>\n<meta property=\"og:description\" content=\"La Consejer\u00eda de Educaci\u00f3n del Pa\u00eds Vasco anunci\u00f3 la convocatoria de una nueva Oferta P\u00fablica de Empleo para las Oposiciones del pr\u00f3ximo a\u00f1o. La OPE\" \/>\n<meta property=\"og:url\" content=\"https:\/\/www.campuseducacion.com\/blog\/oposiciones\/comunidades\/pais-vasco\/oposiciones-2019-pais-vasco-1825-plazas-para-el-cuerpo-de-maestros\/\" \/>\n<meta property=\"og:site_name\" content=\"BLOG Noticias Oposiciones y bolsas Trabajo Interinos. Campuseducacion.com\" \/>\n<meta property=\"article:publisher\" content=\"https:\/\/www.facebook.com\/Campuseducacion.es\" \/>\n<meta property=\"article:author\" content=\"https:\/\/www.facebook.com\/Campuseducacion.es\" \/>\n<meta property=\"article:published_time\" content=\"2018-11-29T15:28:55+00:00\" \/>\n<meta property=\"article:modified_time\" content=\"2018-12-20T19:13:51+00:00\" \/>\n<meta property=\"og:image\" content=\"https:\/\/www.campuseducacion.com\/blog\/wp-content\/uploads\/2016\/02\/05-euskadi-1.jpg\" \/>\n\t<meta property=\"og:image:width\" content=\"1200\" \/>\n\t<meta property=\"og:image:height\" content=\"627\" \/>\n\t<meta property=\"og:image:type\" content=\"image\/jpeg\" \/>\n<meta name=\"author\" content=\"Campuseducacion.com\" \/>\n<meta name=\"twitter:card\" content=\"summary_large_image\" \/>\n<meta name=\"twitter:creator\" content=\"@https:\/\/twitter.com\/Campuseducacion\" \/>\n<meta name=\"twitter:site\" content=\"@Campuseducacion\" \/>\n<meta name=\"twitter:label1\" content=\"Escrito por\" \/>\n\t<meta name=\"twitter:data1\" content=\"Campuseducacion.com\" \/>\n<script type=\"application\/ld+json\" class=\"yoast-schema-graph\">{\"@context\":\"https:\\\/\\\/schema.org\",\"@graph\":[{\"@type\":\"Article\",\"@id\":\"https:\\\/\\\/www.campuseducacion.com\\\/blog\\\/oposiciones\\\/comunidades\\\/pais-vasco\\\/oposiciones-2019-pais-vasco-1825-plazas-para-el-cuerpo-de-maestros\\\/#article\",\"isPartOf\":{\"@id\":\"https:\\\/\\\/www.campuseducacion.com\\\/blog\\\/oposiciones\\\/comunidades\\\/pais-vasco\\\/oposiciones-2019-pais-vasco-1825-plazas-para-el-cuerpo-de-maestros\\\/\"},\"author\":{\"name\":\"Campuseducacion.com\",\"@id\":\"https:\\\/\\\/www.campuseducacion.com\\\/blog\\\/#\\\/schema\\\/person\\\/62fa9d1bd01a38844a0fea68cbbc9f3f\"},\"headline\":\"Oposiciones Pa\u00eds Vasco: 1825 plazas para el cuerpo de Maestros\",\"datePublished\":\"2018-11-29T15:28:55+00:00\",\"dateModified\":\"2018-12-20T19:13:51+00:00\",\"mainEntityOfPage\":{\"@id\":\"https:\\\/\\\/www.campuseducacion.com\\\/blog\\\/oposiciones\\\/comunidades\\\/pais-vasco\\\/oposiciones-2019-pais-vasco-1825-plazas-para-el-cuerpo-de-maestros\\\/\"},\"wordCount\":100,\"commentCount\":0,\"image\":{\"@id\":\"https:\\\/\\\/www.campuseducacion.com\\\/blog\\\/oposiciones\\\/comunidades\\\/pais-vasco\\\/oposiciones-2019-pais-vasco-1825-plazas-para-el-cuerpo-de-maestros\\\/#primaryimage\"},\"thumbnailUrl\":\"https:\\\/\\\/www.campuseducacion.com\\\/blog\\\/wp-content\\\/uploads\\\/2016\\\/02\\\/05-euskadi-1.jpg\",\"keywords\":[\"maestros\",\"oposiciones 2019\",\"plazas\"],\"articleSection\":[\"Noticias OPOSICIONES de Maestros y Profesores\",\"Oposiciones Pa\u00eds Vasco\",\"Oposiciones Secundaria 2019\",\"z_Art\u00edculo_Popular 2019\"],\"inLanguage\":\"es\",\"potentialAction\":[{\"@type\":\"CommentAction\",\"name\":\"Comment\",\"target\":[\"https:\\\/\\\/www.campuseducacion.com\\\/blog\\\/oposiciones\\\/comunidades\\\/pais-vasco\\\/oposiciones-2019-pais-vasco-1825-plazas-para-el-cuerpo-de-maestros\\\/#respond\"]}]},{\"@type\":\"WebPage\",\"@id\":\"https:\\\/\\\/www.campuseducacion.com\\\/blog\\\/oposiciones\\\/comunidades\\\/pais-vasco\\\/oposiciones-2019-pais-vasco-1825-plazas-para-el-cuerpo-de-maestros\\\/\",\"url\":\"https:\\\/\\\/www.campuseducacion.com\\\/blog\\\/oposiciones\\\/comunidades\\\/pais-vasco\\\/oposiciones-2019-pais-vasco-1825-plazas-para-el-cuerpo-de-maestros\\\/\",\"name\":\"Oposiciones Pa\u00eds Vasco: 1825 plazas para el cuerpo de Maestros - Campuseducacion.com\",\"isPartOf\":{\"@id\":\"https:\\\/\\\/www.campuseducacion.com\\\/blog\\\/#website\"},\"primaryImageOfPage\":{\"@id\":\"https:\\\/\\\/www.campuseducacion.com\\\/blog\\\/oposiciones\\\/comunidades\\\/pais-vasco\\\/oposiciones-2019-pais-vasco-1825-plazas-para-el-cuerpo-de-maestros\\\/#primaryimage\"},\"image\":{\"@id\":\"https:\\\/\\\/www.campuseducacion.com\\\/blog\\\/oposiciones\\\/comunidades\\\/pais-vasco\\\/oposiciones-2019-pais-vasco-1825-plazas-para-el-cuerpo-de-maestros\\\/#primaryimage\"},\"thumbnailUrl\":\"https:\\\/\\\/www.campuseducacion.com\\\/blog\\\/wp-content\\\/uploads\\\/2016\\\/02\\\/05-euskadi-1.jpg\",\"datePublished\":\"2018-11-29T15:28:55+00:00\",\"dateModified\":\"2018-12-20T19:13:51+00:00\",\"author\":{\"@id\":\"https:\\\/\\\/www.campuseducacion.com\\\/blog\\\/#\\\/schema\\\/person\\\/62fa9d1bd01a38844a0fea68cbbc9f3f\"},\"description\":\"La Consejer\u00eda de Educaci\u00f3n del Pa\u00eds Vasco anunci\u00f3 la convocatoria de una nueva Oferta P\u00fablica de Empleo para las Oposiciones del pr\u00f3ximo a\u00f1o. La OPE\",\"breadcrumb\":{\"@id\":\"https:\\\/\\\/www.campuseducacion.com\\\/blog\\\/oposiciones\\\/comunidades\\\/pais-vasco\\\/oposiciones-2019-pais-vasco-1825-plazas-para-el-cuerpo-de-maestros\\\/#breadcrumb\"},\"inLanguage\":\"es\",\"potentialAction\":[{\"@type\":\"ReadAction\",\"target\":[\"https:\\\/\\\/www.campuseducacion.com\\\/blog\\\/oposiciones\\\/comunidades\\\/pais-vasco\\\/oposiciones-2019-pais-vasco-1825-plazas-para-el-cuerpo-de-maestros\\\/\"]}]},{\"@type\":\"ImageObject\",\"inLanguage\":\"es\",\"@id\":\"https:\\\/\\\/www.campuseducacion.com\\\/blog\\\/oposiciones\\\/comunidades\\\/pais-vasco\\\/oposiciones-2019-pais-vasco-1825-plazas-para-el-cuerpo-de-maestros\\\/#primaryimage\",\"url\":\"https:\\\/\\\/www.campuseducacion.com\\\/blog\\\/wp-content\\\/uploads\\\/2016\\\/02\\\/05-euskadi-1.jpg\",\"contentUrl\":\"https:\\\/\\\/www.campuseducacion.com\\\/blog\\\/wp-content\\\/uploads\\\/2016\\\/02\\\/05-euskadi-1.jpg\",\"width\":1200,\"height\":627,\"caption\":\"bandera pa\u00eds vasco\"},{\"@type\":\"BreadcrumbList\",\"@id\":\"https:\\\/\\\/www.campuseducacion.com\\\/blog\\\/oposiciones\\\/comunidades\\\/pais-vasco\\\/oposiciones-2019-pais-vasco-1825-plazas-para-el-cuerpo-de-maestros\\\/#breadcrumb\",\"itemListElement\":[{\"@type\":\"ListItem\",\"position\":1,\"name\":\"Portada\",\"item\":\"https:\\\/\\\/www.campuseducacion.com\\\/blog\\\/\"},{\"@type\":\"ListItem\",\"position\":2,\"name\":\"Oposiciones Pa\u00eds Vasco: 1825 plazas para el cuerpo de Maestros\"}]},{\"@type\":\"WebSite\",\"@id\":\"https:\\\/\\\/www.campuseducacion.com\\\/blog\\\/#website\",\"url\":\"https:\\\/\\\/www.campuseducacion.com\\\/blog\\\/\",\"name\":\"BLOG Noticias Oposiciones y bolsas Trabajo Interinos. Campuseducacion.com\",\"description\":\"Actualidad en Oposiciones Maestros de Infantil Primaria y Profesores Secundaria\",\"potentialAction\":[{\"@type\":\"SearchAction\",\"target\":{\"@type\":\"EntryPoint\",\"urlTemplate\":\"https:\\\/\\\/www.campuseducacion.com\\\/blog\\\/?s={search_term_string}\"},\"query-input\":{\"@type\":\"PropertyValueSpecification\",\"valueRequired\":true,\"valueName\":\"search_term_string\"}}],\"inLanguage\":\"es\"},{\"@type\":\"Person\",\"@id\":\"https:\\\/\\\/www.campuseducacion.com\\\/blog\\\/#\\\/schema\\\/person\\\/62fa9d1bd01a38844a0fea68cbbc9f3f\",\"name\":\"Campuseducacion.com\",\"image\":{\"@type\":\"ImageObject\",\"inLanguage\":\"es\",\"@id\":\"https:\\\/\\\/www.campuseducacion.com\\\/blog\\\/wp-content\\\/uploads\\\/2013\\\/05\\\/LogoCampusEducacionCuadrado_125px.png\",\"url\":\"https:\\\/\\\/www.campuseducacion.com\\\/blog\\\/wp-content\\\/uploads\\\/2013\\\/05\\\/LogoCampusEducacionCuadrado_125px.png\",\"contentUrl\":\"https:\\\/\\\/www.campuseducacion.com\\\/blog\\\/wp-content\\\/uploads\\\/2013\\\/05\\\/LogoCampusEducacionCuadrado_125px.png\",\"caption\":\"Campuseducacion.com\"},\"description\":\"Campuseducacion.com te ofrece una amplia oferta en cursos homologados a distancia on-line para Oposiciones: cursos v\u00e1lidos para m\u00e9ritos en las Oposiciones de Maestros en Educaci\u00f3n Infantil y Primaria, y Profesores de Educaci\u00f3n Secundaria. Completa tu formaci\u00f3n Tambi\u00e9n para Sexenios y Concurso General de Traslados. Ahora puedes realizar formaci\u00f3n de postgrado para el profesorado con nuestros M\u00e1steres Oficiales Universitarios (1 punto para oposiciones y 3 puntos en Concurso General de Traslados). Consigue importantes descuentos con Campuseducacion.com en tu formaci\u00f3n homologada: 30% para afiliados a ANPE en cursos a distancia.\",\"sameAs\":[\"https:\\\/\\\/www.campuseducacion.com\",\"https:\\\/\\\/www.facebook.com\\\/Campuseducacion.es\",\"https:\\\/\\\/x.com\\\/https:\\\/\\\/twitter.com\\\/Campuseducacion\"],\"url\":\"https:\\\/\\\/www.campuseducacion.com\\\/blog\\\/autores\\\/adminopos\\\/\"}]}<\/script>\n<!-- \/ Yoast SEO plugin. -->","yoast_head_json":{"title":"Oposiciones Pa\u00eds Vasco: 1825 plazas para el cuerpo de Maestros - Campuseducacion.com","description":"La Consejer\u00eda de Educaci\u00f3n del Pa\u00eds Vasco anunci\u00f3 la convocatoria de una nueva Oferta P\u00fablica de Empleo para las Oposiciones del pr\u00f3ximo a\u00f1o. La OPE","robots":{"index":"index","follow":"follow","max-snippet":"max-snippet:-1","max-image-preview":"max-image-preview:large","max-video-preview":"max-video-preview:-1"},"canonical":"https:\/\/www.campuseducacion.com\/blog\/oposiciones\/comunidades\/pais-vasco\/oposiciones-2019-pais-vasco-1825-plazas-para-el-cuerpo-de-maestros\/","og_locale":"es_ES","og_type":"article","og_title":"Oposiciones Pa\u00eds Vasco: 1825 plazas para el cuerpo de Maestros - Campuseducacion.com","og_description":"La Consejer\u00eda de Educaci\u00f3n del Pa\u00eds Vasco anunci\u00f3 la convocatoria de una nueva Oferta P\u00fablica de Empleo para las Oposiciones del pr\u00f3ximo a\u00f1o. La OPE","og_url":"https:\/\/www.campuseducacion.com\/blog\/oposiciones\/comunidades\/pais-vasco\/oposiciones-2019-pais-vasco-1825-plazas-para-el-cuerpo-de-maestros\/","og_site_name":"BLOG Noticias Oposiciones y bolsas Trabajo Interinos. Campuseducacion.com","article_publisher":"https:\/\/www.facebook.com\/Campuseducacion.es","article_author":"https:\/\/www.facebook.com\/Campuseducacion.es","article_published_time":"2018-11-29T15:28:55+00:00","article_modified_time":"2018-12-20T19:13:51+00:00","og_image":[{"width":1200,"height":627,"url":"https:\/\/www.campuseducacion.com\/blog\/wp-content\/uploads\/2016\/02\/05-euskadi-1.jpg","type":"image\/jpeg"}],"author":"Campuseducacion.com","twitter_card":"summary_large_image","twitter_creator":"@https:\/\/twitter.com\/Campuseducacion","twitter_site":"@Campuseducacion","twitter_misc":{"Escrito por":"Campuseducacion.com"},"schema":{"@context":"https:\/\/schema.org","@graph":[{"@type":"Article","@id":"https:\/\/www.campuseducacion.com\/blog\/oposiciones\/comunidades\/pais-vasco\/oposiciones-2019-pais-vasco-1825-plazas-para-el-cuerpo-de-maestros\/#article","isPartOf":{"@id":"https:\/\/www.campuseducacion.com\/blog\/oposiciones\/comunidades\/pais-vasco\/oposiciones-2019-pais-vasco-1825-plazas-para-el-cuerpo-de-maestros\/"},"author":{"name":"Campuseducacion.com","@id":"https:\/\/www.campuseducacion.com\/blog\/#\/schema\/person\/62fa9d1bd01a38844a0fea68cbbc9f3f"},"headline":"Oposiciones Pa\u00eds Vasco: 1825 plazas para el cuerpo de Maestros","datePublished":"2018-11-29T15:28:55+00:00","dateModified":"2018-12-20T19:13:51+00:00","mainEntityOfPage":{"@id":"https:\/\/www.campuseducacion.com\/blog\/oposiciones\/comunidades\/pais-vasco\/oposiciones-2019-pais-vasco-1825-plazas-para-el-cuerpo-de-maestros\/"},"wordCount":100,"commentCount":0,"image":{"@id":"https:\/\/www.campuseducacion.com\/blog\/oposiciones\/comunidades\/pais-vasco\/oposiciones-2019-pais-vasco-1825-plazas-para-el-cuerpo-de-maestros\/#primaryimage"},"thumbnailUrl":"https:\/\/www.campuseducacion.com\/blog\/wp-content\/uploads\/2016\/02\/05-euskadi-1.jpg","keywords":["maestros","oposiciones 2019","plazas"],"articleSection":["Noticias OPOSICIONES de Maestros y Profesores","Oposiciones Pa\u00eds Vasco","Oposiciones Secundaria 2019","z_Art\u00edculo_Popular 2019"],"inLanguage":"es","potentialAction":[{"@type":"CommentAction","name":"Comment","target":["https:\/\/www.campuseducacion.com\/blog\/oposiciones\/comunidades\/pais-vasco\/oposiciones-2019-pais-vasco-1825-plazas-para-el-cuerpo-de-maestros\/#respond"]}]},{"@type":"WebPage","@id":"https:\/\/www.campuseducacion.com\/blog\/oposiciones\/comunidades\/pais-vasco\/oposiciones-2019-pais-vasco-1825-plazas-para-el-cuerpo-de-maestros\/","url":"https:\/\/www.campuseducacion.com\/blog\/oposiciones\/comunidades\/pais-vasco\/oposiciones-2019-pais-vasco-1825-plazas-para-el-cuerpo-de-maestros\/","name":"Oposiciones Pa\u00eds Vasco: 1825 plazas para el cuerpo de Maestros - Campuseducacion.com","isPartOf":{"@id":"https:\/\/www.campuseducacion.com\/blog\/#website"},"primaryImageOfPage":{"@id":"https:\/\/www.campuseducacion.com\/blog\/oposiciones\/comunidades\/pais-vasco\/oposiciones-2019-pais-vasco-1825-plazas-para-el-cuerpo-de-maestros\/#primaryimage"},"image":{"@id":"https:\/\/www.campuseducacion.com\/blog\/oposiciones\/comunidades\/pais-vasco\/oposiciones-2019-pais-vasco-1825-plazas-para-el-cuerpo-de-maestros\/#primaryimage"},"thumbnailUrl":"https:\/\/www.campuseducacion.com\/blog\/wp-content\/uploads\/2016\/02\/05-euskadi-1.jpg","datePublished":"2018-11-29T15:28:55+00:00","dateModified":"2018-12-20T19:13:51+00:00","author":{"@id":"https:\/\/www.campuseducacion.com\/blog\/#\/schema\/person\/62fa9d1bd01a38844a0fea68cbbc9f3f"},"description":"La Consejer\u00eda de Educaci\u00f3n del Pa\u00eds Vasco anunci\u00f3 la convocatoria de una nueva Oferta P\u00fablica de Empleo para las Oposiciones del pr\u00f3ximo a\u00f1o. La OPE","breadcrumb":{"@id":"https:\/\/www.campuseducacion.com\/blog\/oposiciones\/comunidades\/pais-vasco\/oposiciones-2019-pais-vasco-1825-plazas-para-el-cuerpo-de-maestros\/#breadcrumb"},"inLanguage":"es","potentialAction":[{"@type":"ReadAction","target":["https:\/\/www.campuseducacion.com\/blog\/oposiciones\/comunidades\/pais-vasco\/oposiciones-2019-pais-vasco-1825-plazas-para-el-cuerpo-de-maestros\/"]}]},{"@type":"ImageObject","inLanguage":"es","@id":"https:\/\/www.campuseducacion.com\/blog\/oposiciones\/comunidades\/pais-vasco\/oposiciones-2019-pais-vasco-1825-plazas-para-el-cuerpo-de-maestros\/#primaryimage","url":"https:\/\/www.campuseducacion.com\/blog\/wp-content\/uploads\/2016\/02\/05-euskadi-1.jpg","contentUrl":"https:\/\/www.campuseducacion.com\/blog\/wp-content\/uploads\/2016\/02\/05-euskadi-1.jpg","width":1200,"height":627,"caption":"bandera pa\u00eds vasco"},{"@type":"BreadcrumbList","@id":"https:\/\/www.campuseducacion.com\/blog\/oposiciones\/comunidades\/pais-vasco\/oposiciones-2019-pais-vasco-1825-plazas-para-el-cuerpo-de-maestros\/#breadcrumb","itemListElement":[{"@type":"ListItem","position":1,"name":"Portada","item":"https:\/\/www.campuseducacion.com\/blog\/"},{"@type":"ListItem","position":2,"name":"Oposiciones Pa\u00eds Vasco: 1825 plazas para el cuerpo de Maestros"}]},{"@type":"WebSite","@id":"https:\/\/www.campuseducacion.com\/blog\/#website","url":"https:\/\/www.campuseducacion.com\/blog\/","name":"BLOG Noticias Oposiciones y bolsas Trabajo Interinos. Campuseducacion.com","description":"Actualidad en Oposiciones Maestros de Infantil Primaria y Profesores Secundaria","potentialAction":[{"@type":"SearchAction","target":{"@type":"EntryPoint","urlTemplate":"https:\/\/www.campuseducacion.com\/blog\/?s={search_term_string}"},"query-input":{"@type":"PropertyValueSpecification","valueRequired":true,"valueName":"search_term_string"}}],"inLanguage":"es"},{"@type":"Person","@id":"https:\/\/www.campuseducacion.com\/blog\/#\/schema\/person\/62fa9d1bd01a38844a0fea68cbbc9f3f","name":"Campuseducacion.com","image":{"@type":"ImageObject","inLanguage":"es","@id":"https:\/\/www.campuseducacion.com\/blog\/wp-content\/uploads\/2013\/05\/LogoCampusEducacionCuadrado_125px.png","url":"https:\/\/www.campuseducacion.com\/blog\/wp-content\/uploads\/2013\/05\/LogoCampusEducacionCuadrado_125px.png","contentUrl":"https:\/\/www.campuseducacion.com\/blog\/wp-content\/uploads\/2013\/05\/LogoCampusEducacionCuadrado_125px.png","caption":"Campuseducacion.com"},"description":"Campuseducacion.com te ofrece una amplia oferta en cursos homologados a distancia on-line para Oposiciones: cursos v\u00e1lidos para m\u00e9ritos en las Oposiciones de Maestros en Educaci\u00f3n Infantil y Primaria, y Profesores de Educaci\u00f3n Secundaria. Completa tu formaci\u00f3n Tambi\u00e9n para Sexenios y Concurso General de Traslados. Ahora puedes realizar formaci\u00f3n de postgrado para el profesorado con nuestros M\u00e1steres Oficiales Universitarios (1 punto para oposiciones y 3 puntos en Concurso General de Traslados). Consigue importantes descuentos con Campuseducacion.com en tu formaci\u00f3n homologada: 30% para afiliados a ANPE en cursos a distancia.","sameAs":["https:\/\/www.campuseducacion.com","https:\/\/www.facebook.com\/Campuseducacion.es","https:\/\/x.com\/https:\/\/twitter.com\/Campuseducacion"],"url":"https:\/\/www.campuseducacion.com\/blog\/autores\/adminopos\/"}]}},"amp_enabled":true,"_links":{"self":[{"href":"https:\/\/www.campuseducacion.com\/blog\/wp-json\/wp\/v2\/posts\/15232","targetHints":{"allow":["GET"]}}],"collection":[{"href":"https:\/\/www.campuseducacion.com\/blog\/wp-json\/wp\/v2\/posts"}],"about":[{"href":"https:\/\/www.campuseducacion.com\/blog\/wp-json\/wp\/v2\/types\/post"}],"author":[{"embeddable":true,"href":"https:\/\/www.campuseducacion.com\/blog\/wp-json\/wp\/v2\/users\/2"}],"replies":[{"embeddable":true,"href":"https:\/\/www.campuseducacion.com\/blog\/wp-json\/wp\/v2\/comments?post=15232"}],"version-history":[{"count":3,"href":"https:\/\/www.campuseducacion.com\/blog\/wp-json\/wp\/v2\/posts\/15232\/revisions"}],"predecessor-version":[{"id":15471,"href":"https:\/\/www.campuseducacion.com\/blog\/wp-json\/wp\/v2\/posts\/15232\/revisions\/15471"}],"wp:featuredmedia":[{"embeddable":true,"href":"https:\/\/www.campuseducacion.com\/blog\/wp-json\/wp\/v2\/media\/6103"}],"wp:attachment":[{"href":"https:\/\/www.campuseducacion.com\/blog\/wp-json\/wp\/v2\/media?parent=15232"}],"wp:term":[{"taxonomy":"category","embeddable":true,"href":"https:\/\/www.campuseducacion.com\/blog\/wp-json\/wp\/v2\/categories?post=15232"},{"taxonomy":"post_tag","embeddable":true,"href":"https:\/\/www.campuseducacion.com\/blog\/wp-json\/wp\/v2\/tags?post=15232"}],"curies":[{"name":"wp","href":"https:\/\/api.w.org\/{rel}","templated":true}]}}