{"id":2135,"date":"2013-08-07T09:16:00","date_gmt":"2013-08-07T07:16:00","guid":{"rendered":"http:\/\/www.campuseducacion.com\/oposiciones\/?p=2135"},"modified":"2013-08-13T14:45:27","modified_gmt":"2013-08-13T12:45:27","slug":"navarra-listas-definitivas-de-aspirantes-a-puestos-temporales-de-docentes","status":"publish","type":"post","link":"https:\/\/www.campuseducacion.com\/blog\/oposiciones\/comunidades\/navarra\/navarra-listas-definitivas-de-aspirantes-a-puestos-temporales-de-docentes\/","title":{"rendered":"Primaria y Secundaria en Navarra. Listas Definitivas de Aspirantes a Puestos Temporales de Docentes."},"content":{"rendered":"<p>Primaria y Secundaria en Navarra. El Departamento de Educaci\u00f3n de Navarra ha publicado las listas definitivas de los aspirantes a puestos de trabajo, mediante contrataci\u00f3n temporal, de docentes del Cuerpo de Maestros y de Profesores de Secundaria.<!--more--><\/p>\n<ul>\n<li><a href=\"https:\/\/logs177.xiti.com\/go.click?xts=446456&amp;s2=1&amp;p=Fichas%3A%3Ahttp%3A%2F%2Fwww.navarra.es%2Fhome_es%2Fservicios%2Fdescargar-fichero%2F93NqMNskdfPtFbxy3Pg4R8r1MK8mPz%2Frh1814.pdf&amp;click=T&amp;type=click&amp;url=http%3A%2F%2Fwww.navarra.es%2Fhome_es%2Fservicios%2Fdescargar-fichero%2F93NqMNskdfPtFbxy3Pg4R8r1MK8mPz%2Frh1814.pdf\">Resoluci\u00f3n 1814\/2013<\/a>, de 2 de agosto, por la que se aprueban las listas definitivas de aspirantes a puestos de trabajo docentes<\/li>\n<li>Anexo: Relaciones definitivas\u00a0<a href=\"https:\/\/logs177.xiti.com\/go.click?xts=446456&amp;s2=1&amp;p=Fichas%3A%3Ahttp%3A%2F%2Fwww.navarra.es%2Fhome_es%2Fservicios%2Fdescargar-fichero%2FNPjycv3J5xWfgZDxqBL4vvFRPwN9jQ%2FBaremoAlfabetico_Publicar.pdf&amp;click=T&amp;type=click&amp;url=http%3A%2F%2Fwww.navarra.es%2Fhome_es%2Fservicios%2Fdescargar-fichero%2FNPjycv3J5xWfgZDxqBL4vvFRPwN9jQ%2FBaremoAlfabetico_Publicar.pdf\">Alfab\u00e9tico<\/a>\/<a href=\"https:\/\/logs177.xiti.com\/go.click?xts=446456&amp;s2=1&amp;p=Fichas%3A%3Ahttp%3A%2F%2Fwww.navarra.es%2Fhome_es%2Fservicios%2Fdescargar-fichero%2Fqj19GFJMVxBHjk2bszttgPCb8Lx5M4%2FBaremoPuntuacion_Publicar.pdf&amp;click=T&amp;type=click&amp;url=http%3A%2F%2Fwww.navarra.es%2Fhome_es%2Fservicios%2Fdescargar-fichero%2Fqj19GFJMVxBHjk2bszttgPCb8Lx5M4%2FBaremoPuntuacion_Publicar.pdf\">Orden de puntuaci\u00f3n<\/a><\/li>\n<li><a href=\"https:\/\/logs177.xiti.com\/go.click?xts=446456&amp;s2=1&amp;p=Fichas%3A%3Ahttp%3A%2F%2Fwww.navarra.es%2Fhome_es%2Fservicios%2Fdescargar-fichero%2FxC5DPtsRDyPvB6zMR2cGdFPTyBf1NZ%2FActa%2520reclamaciones%2520y%2520portada.pdf&amp;click=T&amp;type=click&amp;url=http%3A%2F%2Fwww.navarra.es%2Fhome_es%2Fservicios%2Fdescargar-fichero%2FxC5DPtsRDyPvB6zMR2cGdFPTyBf1NZ%2FActa%2520reclamaciones%2520y%2520portada.pdf\">Acta de reclamaciones<\/a><\/li>\n<\/ul>\n\n\n<div class=\"kk-star-ratings kksr-auto kksr-align-left kksr-valign-bottom\"\n    data-payload='{&quot;align&quot;:&quot;left&quot;,&quot;id&quot;:&quot;2135&quot;,&quot;slug&quot;:&quot;default&quot;,&quot;valign&quot;:&quot;bottom&quot;,&quot;ignore&quot;:&quot;&quot;,&quot;reference&quot;:&quot;auto&quot;,&quot;class&quot;:&quot;&quot;,&quot;count&quot;:&quot;63&quot;,&quot;legendonly&quot;:&quot;&quot;,&quot;readonly&quot;:&quot;&quot;,&quot;score&quot;:&quot;4.9&quot;,&quot;starsonly&quot;:&quot;&quot;,&quot;best&quot;:&quot;5&quot;,&quot;gap&quot;:&quot;5&quot;,&quot;greet&quot;:&quot;&quot;,&quot;legend&quot;:&quot;4.9\\\/5 - (63 votos)&quot;,&quot;size&quot;:&quot;15&quot;,&quot;title&quot;:&quot;Primaria y Secundaria en Navarra. Listas Definitivas de Aspirantes a Puestos Temporales de Docentes.&quot;,&quot;width&quot;:&quot;95.5&quot;,&quot;_legend&quot;:&quot;{score}\\\/{best} - ({count} {votes})&quot;,&quot;font_factor&quot;:&quot;1.25&quot;}'>\n            \n<div class=\"kksr-stars\">\n    \n<div class=\"kksr-stars-inactive\">\n            <div class=\"kksr-star\" data-star=\"1\" style=\"padding-right: 5px\">\n            \n\n<div class=\"kksr-icon\" style=\"width: 15px; height: 15px;\"><\/div>\n        <\/div>\n            <div class=\"kksr-star\" data-star=\"2\" style=\"padding-right: 5px\">\n            \n\n<div class=\"kksr-icon\" style=\"width: 15px; height: 15px;\"><\/div>\n        <\/div>\n            <div class=\"kksr-star\" data-star=\"3\" style=\"padding-right: 5px\">\n            \n\n<div class=\"kksr-icon\" style=\"width: 15px; height: 15px;\"><\/div>\n        <\/div>\n            <div class=\"kksr-star\" data-star=\"4\" style=\"padding-right: 5px\">\n            \n\n<div class=\"kksr-icon\" style=\"width: 15px; height: 15px;\"><\/div>\n        <\/div>\n            <div class=\"kksr-star\" data-star=\"5\" style=\"padding-right: 5px\">\n            \n\n<div class=\"kksr-icon\" style=\"width: 15px; height: 15px;\"><\/div>\n        <\/div>\n    <\/div>\n    \n<div class=\"kksr-stars-active\" style=\"width: 95.5px;\">\n            <div class=\"kksr-star\" style=\"padding-right: 5px\">\n            \n\n<div class=\"kksr-icon\" style=\"width: 15px; height: 15px;\"><\/div>\n        <\/div>\n            <div class=\"kksr-star\" style=\"padding-right: 5px\">\n            \n\n<div class=\"kksr-icon\" style=\"width: 15px; height: 15px;\"><\/div>\n        <\/div>\n            <div class=\"kksr-star\" style=\"padding-right: 5px\">\n            \n\n<div class=\"kksr-icon\" style=\"width: 15px; height: 15px;\"><\/div>\n        <\/div>\n            <div class=\"kksr-star\" style=\"padding-right: 5px\">\n            \n\n<div class=\"kksr-icon\" style=\"width: 15px; height: 15px;\"><\/div>\n        <\/div>\n            <div class=\"kksr-star\" style=\"padding-right: 5px\">\n            \n\n<div class=\"kksr-icon\" style=\"width: 15px; height: 15px;\"><\/div>\n        <\/div>\n    <\/div>\n<\/div>\n                \n\n<div class=\"kksr-legend\" style=\"font-size: 12px;\">\n            4.9\/5 - (63 votos)    <\/div>\n    <\/div>\n","protected":false},"excerpt":{"rendered":"<p>Primaria y Secundaria en Navarra. El Departamento de Educaci\u00f3n de Navarra ha publicado las listas definitivas de los aspirantes a puestos de trabajo, mediante contrataci\u00f3n temporal, de docentes del Cuerpo de Maestros y de Profesores de Secundaria.<\/p>\n","protected":false},"author":2,"featured_media":23,"comment_status":"open","ping_status":"open","sticky":false,"template":"","format":"standard","meta":{"tdm_status":"","tdm_grid_status":"","footnotes":""},"categories":[215,53,21,16,22],"tags":[29],"class_list":{"0":"post-2135","1":"post","2":"type-post","3":"status-publish","4":"format-standard","5":"has-post-thumbnail","7":"category-bolsas-navarra","8":"category-convocatorias-2013","9":"category-primaria","10":"category-navarra","11":"category-secundaria","12":"tag-profesores"},"yoast_head":"<!-- This site is optimized with the Yoast SEO plugin v27.4 - https:\/\/yoast.com\/product\/yoast-seo-wordpress\/ -->\n<title>Primaria y Secundaria en Navarra. Listas Definitivas de Aspirantes a Puestos Temporales de Docentes. - Campuseducacion.com<\/title>\n<meta name=\"description\" content=\"Primaria y Secundaria en Navarra. El Departamento de Educaci\u00f3n de Navarra ha publicado las listas definitivas de los aspirantes a puestos de trabajo,\" \/>\n<meta name=\"robots\" content=\"index, follow, max-snippet:-1, max-image-preview:large, max-video-preview:-1\" \/>\n<link rel=\"canonical\" href=\"https:\/\/www.campuseducacion.com\/blog\/oposiciones\/comunidades\/navarra\/navarra-listas-definitivas-de-aspirantes-a-puestos-temporales-de-docentes\/\" \/>\n<meta property=\"og:locale\" content=\"es_ES\" \/>\n<meta property=\"og:type\" content=\"article\" \/>\n<meta property=\"og:title\" content=\"Primaria y Secundaria en Navarra. Listas Definitivas de Aspirantes a Puestos Temporales de Docentes. - Campuseducacion.com\" \/>\n<meta property=\"og:description\" content=\"Primaria y Secundaria en Navarra. El Departamento de Educaci\u00f3n de Navarra ha publicado las listas definitivas de los aspirantes a puestos de trabajo,\" \/>\n<meta property=\"og:url\" content=\"https:\/\/www.campuseducacion.com\/blog\/oposiciones\/comunidades\/navarra\/navarra-listas-definitivas-de-aspirantes-a-puestos-temporales-de-docentes\/\" \/>\n<meta property=\"og:site_name\" content=\"BLOG Noticias Oposiciones y bolsas Trabajo Interinos. Campuseducacion.com\" \/>\n<meta property=\"article:publisher\" content=\"https:\/\/www.facebook.com\/Campuseducacion.es\" \/>\n<meta property=\"article:author\" content=\"https:\/\/www.facebook.com\/Campuseducacion.es\" \/>\n<meta property=\"article:published_time\" content=\"2013-08-07T07:16:00+00:00\" \/>\n<meta property=\"article:modified_time\" content=\"2013-08-13T12:45:27+00:00\" \/>\n<meta property=\"og:image\" content=\"https:\/\/www.campuseducacion.com\/blog\/wp-content\/uploads\/2013\/05\/navarra.gif\" \/>\n\t<meta property=\"og:image:width\" content=\"620\" \/>\n\t<meta property=\"og:image:height\" content=\"330\" \/>\n\t<meta property=\"og:image:type\" content=\"image\/gif\" \/>\n<meta name=\"author\" content=\"Campuseducacion.com\" \/>\n<meta name=\"twitter:card\" content=\"summary_large_image\" \/>\n<meta name=\"twitter:creator\" content=\"@https:\/\/twitter.com\/Campuseducacion\" \/>\n<meta name=\"twitter:site\" content=\"@Campuseducacion\" \/>\n<meta name=\"twitter:label1\" content=\"Escrito por\" \/>\n\t<meta name=\"twitter:data1\" content=\"Campuseducacion.com\" \/>\n<script type=\"application\/ld+json\" class=\"yoast-schema-graph\">{\"@context\":\"https:\\\/\\\/schema.org\",\"@graph\":[{\"@type\":\"Article\",\"@id\":\"https:\\\/\\\/www.campuseducacion.com\\\/blog\\\/oposiciones\\\/comunidades\\\/navarra\\\/navarra-listas-definitivas-de-aspirantes-a-puestos-temporales-de-docentes\\\/#article\",\"isPartOf\":{\"@id\":\"https:\\\/\\\/www.campuseducacion.com\\\/blog\\\/oposiciones\\\/comunidades\\\/navarra\\\/navarra-listas-definitivas-de-aspirantes-a-puestos-temporales-de-docentes\\\/\"},\"author\":{\"name\":\"Campuseducacion.com\",\"@id\":\"https:\\\/\\\/www.campuseducacion.com\\\/blog\\\/#\\\/schema\\\/person\\\/62fa9d1bd01a38844a0fea68cbbc9f3f\"},\"headline\":\"Primaria y Secundaria en Navarra. Listas Definitivas de Aspirantes a Puestos Temporales de Docentes.\",\"datePublished\":\"2013-08-07T07:16:00+00:00\",\"dateModified\":\"2013-08-13T12:45:27+00:00\",\"mainEntityOfPage\":{\"@id\":\"https:\\\/\\\/www.campuseducacion.com\\\/blog\\\/oposiciones\\\/comunidades\\\/navarra\\\/navarra-listas-definitivas-de-aspirantes-a-puestos-temporales-de-docentes\\\/\"},\"wordCount\":85,\"commentCount\":0,\"image\":{\"@id\":\"https:\\\/\\\/www.campuseducacion.com\\\/blog\\\/oposiciones\\\/comunidades\\\/navarra\\\/navarra-listas-definitivas-de-aspirantes-a-puestos-temporales-de-docentes\\\/#primaryimage\"},\"thumbnailUrl\":\"https:\\\/\\\/www.campuseducacion.com\\\/blog\\\/wp-content\\\/uploads\\\/2013\\\/05\\\/navarra.gif\",\"keywords\":[\"profesores\"],\"articleSection\":[\"Bolsas Navarra\",\"Convocatorias 2013\",\"Oposiciones Maestros\",\"Oposiciones Navarra\",\"Oposiciones Secundaria\"],\"inLanguage\":\"es\",\"potentialAction\":[{\"@type\":\"CommentAction\",\"name\":\"Comment\",\"target\":[\"https:\\\/\\\/www.campuseducacion.com\\\/blog\\\/oposiciones\\\/comunidades\\\/navarra\\\/navarra-listas-definitivas-de-aspirantes-a-puestos-temporales-de-docentes\\\/#respond\"]}]},{\"@type\":\"WebPage\",\"@id\":\"https:\\\/\\\/www.campuseducacion.com\\\/blog\\\/oposiciones\\\/comunidades\\\/navarra\\\/navarra-listas-definitivas-de-aspirantes-a-puestos-temporales-de-docentes\\\/\",\"url\":\"https:\\\/\\\/www.campuseducacion.com\\\/blog\\\/oposiciones\\\/comunidades\\\/navarra\\\/navarra-listas-definitivas-de-aspirantes-a-puestos-temporales-de-docentes\\\/\",\"name\":\"Primaria y Secundaria en Navarra. Listas Definitivas de Aspirantes a Puestos Temporales de Docentes. - Campuseducacion.com\",\"isPartOf\":{\"@id\":\"https:\\\/\\\/www.campuseducacion.com\\\/blog\\\/#website\"},\"primaryImageOfPage\":{\"@id\":\"https:\\\/\\\/www.campuseducacion.com\\\/blog\\\/oposiciones\\\/comunidades\\\/navarra\\\/navarra-listas-definitivas-de-aspirantes-a-puestos-temporales-de-docentes\\\/#primaryimage\"},\"image\":{\"@id\":\"https:\\\/\\\/www.campuseducacion.com\\\/blog\\\/oposiciones\\\/comunidades\\\/navarra\\\/navarra-listas-definitivas-de-aspirantes-a-puestos-temporales-de-docentes\\\/#primaryimage\"},\"thumbnailUrl\":\"https:\\\/\\\/www.campuseducacion.com\\\/blog\\\/wp-content\\\/uploads\\\/2013\\\/05\\\/navarra.gif\",\"datePublished\":\"2013-08-07T07:16:00+00:00\",\"dateModified\":\"2013-08-13T12:45:27+00:00\",\"author\":{\"@id\":\"https:\\\/\\\/www.campuseducacion.com\\\/blog\\\/#\\\/schema\\\/person\\\/62fa9d1bd01a38844a0fea68cbbc9f3f\"},\"description\":\"Primaria y Secundaria en Navarra. El Departamento de Educaci\u00f3n de Navarra ha publicado las listas definitivas de los aspirantes a puestos de trabajo,\",\"breadcrumb\":{\"@id\":\"https:\\\/\\\/www.campuseducacion.com\\\/blog\\\/oposiciones\\\/comunidades\\\/navarra\\\/navarra-listas-definitivas-de-aspirantes-a-puestos-temporales-de-docentes\\\/#breadcrumb\"},\"inLanguage\":\"es\",\"potentialAction\":[{\"@type\":\"ReadAction\",\"target\":[\"https:\\\/\\\/www.campuseducacion.com\\\/blog\\\/oposiciones\\\/comunidades\\\/navarra\\\/navarra-listas-definitivas-de-aspirantes-a-puestos-temporales-de-docentes\\\/\"]}]},{\"@type\":\"ImageObject\",\"inLanguage\":\"es\",\"@id\":\"https:\\\/\\\/www.campuseducacion.com\\\/blog\\\/oposiciones\\\/comunidades\\\/navarra\\\/navarra-listas-definitivas-de-aspirantes-a-puestos-temporales-de-docentes\\\/#primaryimage\",\"url\":\"https:\\\/\\\/www.campuseducacion.com\\\/blog\\\/wp-content\\\/uploads\\\/2013\\\/05\\\/navarra.gif\",\"contentUrl\":\"https:\\\/\\\/www.campuseducacion.com\\\/blog\\\/wp-content\\\/uploads\\\/2013\\\/05\\\/navarra.gif\",\"width\":620,\"height\":330,\"caption\":\"Noticia sobre educaci\u00f3n y oposiciones para profesores y maestros en Navarra\"},{\"@type\":\"BreadcrumbList\",\"@id\":\"https:\\\/\\\/www.campuseducacion.com\\\/blog\\\/oposiciones\\\/comunidades\\\/navarra\\\/navarra-listas-definitivas-de-aspirantes-a-puestos-temporales-de-docentes\\\/#breadcrumb\",\"itemListElement\":[{\"@type\":\"ListItem\",\"position\":1,\"name\":\"Portada\",\"item\":\"https:\\\/\\\/www.campuseducacion.com\\\/blog\\\/\"},{\"@type\":\"ListItem\",\"position\":2,\"name\":\"Primaria y Secundaria en Navarra. Listas Definitivas de Aspirantes a Puestos Temporales de Docentes.\"}]},{\"@type\":\"WebSite\",\"@id\":\"https:\\\/\\\/www.campuseducacion.com\\\/blog\\\/#website\",\"url\":\"https:\\\/\\\/www.campuseducacion.com\\\/blog\\\/\",\"name\":\"BLOG Noticias Oposiciones y bolsas Trabajo Interinos. Campuseducacion.com\",\"description\":\"Actualidad en Oposiciones Maestros de Infantil Primaria y Profesores Secundaria\",\"potentialAction\":[{\"@type\":\"SearchAction\",\"target\":{\"@type\":\"EntryPoint\",\"urlTemplate\":\"https:\\\/\\\/www.campuseducacion.com\\\/blog\\\/?s={search_term_string}\"},\"query-input\":{\"@type\":\"PropertyValueSpecification\",\"valueRequired\":true,\"valueName\":\"search_term_string\"}}],\"inLanguage\":\"es\"},{\"@type\":\"Person\",\"@id\":\"https:\\\/\\\/www.campuseducacion.com\\\/blog\\\/#\\\/schema\\\/person\\\/62fa9d1bd01a38844a0fea68cbbc9f3f\",\"name\":\"Campuseducacion.com\",\"image\":{\"@type\":\"ImageObject\",\"inLanguage\":\"es\",\"@id\":\"https:\\\/\\\/www.campuseducacion.com\\\/blog\\\/wp-content\\\/uploads\\\/2013\\\/05\\\/LogoCampusEducacionCuadrado_125px.png\",\"url\":\"https:\\\/\\\/www.campuseducacion.com\\\/blog\\\/wp-content\\\/uploads\\\/2013\\\/05\\\/LogoCampusEducacionCuadrado_125px.png\",\"contentUrl\":\"https:\\\/\\\/www.campuseducacion.com\\\/blog\\\/wp-content\\\/uploads\\\/2013\\\/05\\\/LogoCampusEducacionCuadrado_125px.png\",\"caption\":\"Campuseducacion.com\"},\"description\":\"Campuseducacion.com te ofrece una amplia oferta en cursos homologados a distancia on-line para Oposiciones: cursos v\u00e1lidos para m\u00e9ritos en las Oposiciones de Maestros en Educaci\u00f3n Infantil y Primaria, y Profesores de Educaci\u00f3n Secundaria. Completa tu formaci\u00f3n Tambi\u00e9n para Sexenios y Concurso General de Traslados. Ahora puedes realizar formaci\u00f3n de postgrado para el profesorado con nuestros M\u00e1steres Oficiales Universitarios (1 punto para oposiciones y 3 puntos en Concurso General de Traslados). Consigue importantes descuentos con Campuseducacion.com en tu formaci\u00f3n homologada: 30% para afiliados a ANPE en cursos a distancia.\",\"sameAs\":[\"https:\\\/\\\/www.campuseducacion.com\",\"https:\\\/\\\/www.facebook.com\\\/Campuseducacion.es\",\"https:\\\/\\\/x.com\\\/https:\\\/\\\/twitter.com\\\/Campuseducacion\"],\"url\":\"https:\\\/\\\/www.campuseducacion.com\\\/blog\\\/autores\\\/adminopos\\\/\"}]}<\/script>\n<!-- \/ Yoast SEO plugin. -->","yoast_head_json":{"title":"Primaria y Secundaria en Navarra. Listas Definitivas de Aspirantes a Puestos Temporales de Docentes. - Campuseducacion.com","description":"Primaria y Secundaria en Navarra. El Departamento de Educaci\u00f3n de Navarra ha publicado las listas definitivas de los aspirantes a puestos de trabajo,","robots":{"index":"index","follow":"follow","max-snippet":"max-snippet:-1","max-image-preview":"max-image-preview:large","max-video-preview":"max-video-preview:-1"},"canonical":"https:\/\/www.campuseducacion.com\/blog\/oposiciones\/comunidades\/navarra\/navarra-listas-definitivas-de-aspirantes-a-puestos-temporales-de-docentes\/","og_locale":"es_ES","og_type":"article","og_title":"Primaria y Secundaria en Navarra. Listas Definitivas de Aspirantes a Puestos Temporales de Docentes. - Campuseducacion.com","og_description":"Primaria y Secundaria en Navarra. El Departamento de Educaci\u00f3n de Navarra ha publicado las listas definitivas de los aspirantes a puestos de trabajo,","og_url":"https:\/\/www.campuseducacion.com\/blog\/oposiciones\/comunidades\/navarra\/navarra-listas-definitivas-de-aspirantes-a-puestos-temporales-de-docentes\/","og_site_name":"BLOG Noticias Oposiciones y bolsas Trabajo Interinos. Campuseducacion.com","article_publisher":"https:\/\/www.facebook.com\/Campuseducacion.es","article_author":"https:\/\/www.facebook.com\/Campuseducacion.es","article_published_time":"2013-08-07T07:16:00+00:00","article_modified_time":"2013-08-13T12:45:27+00:00","og_image":[{"width":620,"height":330,"url":"https:\/\/www.campuseducacion.com\/blog\/wp-content\/uploads\/2013\/05\/navarra.gif","type":"image\/gif"}],"author":"Campuseducacion.com","twitter_card":"summary_large_image","twitter_creator":"@https:\/\/twitter.com\/Campuseducacion","twitter_site":"@Campuseducacion","twitter_misc":{"Escrito por":"Campuseducacion.com"},"schema":{"@context":"https:\/\/schema.org","@graph":[{"@type":"Article","@id":"https:\/\/www.campuseducacion.com\/blog\/oposiciones\/comunidades\/navarra\/navarra-listas-definitivas-de-aspirantes-a-puestos-temporales-de-docentes\/#article","isPartOf":{"@id":"https:\/\/www.campuseducacion.com\/blog\/oposiciones\/comunidades\/navarra\/navarra-listas-definitivas-de-aspirantes-a-puestos-temporales-de-docentes\/"},"author":{"name":"Campuseducacion.com","@id":"https:\/\/www.campuseducacion.com\/blog\/#\/schema\/person\/62fa9d1bd01a38844a0fea68cbbc9f3f"},"headline":"Primaria y Secundaria en Navarra. Listas Definitivas de Aspirantes a Puestos Temporales de Docentes.","datePublished":"2013-08-07T07:16:00+00:00","dateModified":"2013-08-13T12:45:27+00:00","mainEntityOfPage":{"@id":"https:\/\/www.campuseducacion.com\/blog\/oposiciones\/comunidades\/navarra\/navarra-listas-definitivas-de-aspirantes-a-puestos-temporales-de-docentes\/"},"wordCount":85,"commentCount":0,"image":{"@id":"https:\/\/www.campuseducacion.com\/blog\/oposiciones\/comunidades\/navarra\/navarra-listas-definitivas-de-aspirantes-a-puestos-temporales-de-docentes\/#primaryimage"},"thumbnailUrl":"https:\/\/www.campuseducacion.com\/blog\/wp-content\/uploads\/2013\/05\/navarra.gif","keywords":["profesores"],"articleSection":["Bolsas Navarra","Convocatorias 2013","Oposiciones Maestros","Oposiciones Navarra","Oposiciones Secundaria"],"inLanguage":"es","potentialAction":[{"@type":"CommentAction","name":"Comment","target":["https:\/\/www.campuseducacion.com\/blog\/oposiciones\/comunidades\/navarra\/navarra-listas-definitivas-de-aspirantes-a-puestos-temporales-de-docentes\/#respond"]}]},{"@type":"WebPage","@id":"https:\/\/www.campuseducacion.com\/blog\/oposiciones\/comunidades\/navarra\/navarra-listas-definitivas-de-aspirantes-a-puestos-temporales-de-docentes\/","url":"https:\/\/www.campuseducacion.com\/blog\/oposiciones\/comunidades\/navarra\/navarra-listas-definitivas-de-aspirantes-a-puestos-temporales-de-docentes\/","name":"Primaria y Secundaria en Navarra. Listas Definitivas de Aspirantes a Puestos Temporales de Docentes. - Campuseducacion.com","isPartOf":{"@id":"https:\/\/www.campuseducacion.com\/blog\/#website"},"primaryImageOfPage":{"@id":"https:\/\/www.campuseducacion.com\/blog\/oposiciones\/comunidades\/navarra\/navarra-listas-definitivas-de-aspirantes-a-puestos-temporales-de-docentes\/#primaryimage"},"image":{"@id":"https:\/\/www.campuseducacion.com\/blog\/oposiciones\/comunidades\/navarra\/navarra-listas-definitivas-de-aspirantes-a-puestos-temporales-de-docentes\/#primaryimage"},"thumbnailUrl":"https:\/\/www.campuseducacion.com\/blog\/wp-content\/uploads\/2013\/05\/navarra.gif","datePublished":"2013-08-07T07:16:00+00:00","dateModified":"2013-08-13T12:45:27+00:00","author":{"@id":"https:\/\/www.campuseducacion.com\/blog\/#\/schema\/person\/62fa9d1bd01a38844a0fea68cbbc9f3f"},"description":"Primaria y Secundaria en Navarra. El Departamento de Educaci\u00f3n de Navarra ha publicado las listas definitivas de los aspirantes a puestos de trabajo,","breadcrumb":{"@id":"https:\/\/www.campuseducacion.com\/blog\/oposiciones\/comunidades\/navarra\/navarra-listas-definitivas-de-aspirantes-a-puestos-temporales-de-docentes\/#breadcrumb"},"inLanguage":"es","potentialAction":[{"@type":"ReadAction","target":["https:\/\/www.campuseducacion.com\/blog\/oposiciones\/comunidades\/navarra\/navarra-listas-definitivas-de-aspirantes-a-puestos-temporales-de-docentes\/"]}]},{"@type":"ImageObject","inLanguage":"es","@id":"https:\/\/www.campuseducacion.com\/blog\/oposiciones\/comunidades\/navarra\/navarra-listas-definitivas-de-aspirantes-a-puestos-temporales-de-docentes\/#primaryimage","url":"https:\/\/www.campuseducacion.com\/blog\/wp-content\/uploads\/2013\/05\/navarra.gif","contentUrl":"https:\/\/www.campuseducacion.com\/blog\/wp-content\/uploads\/2013\/05\/navarra.gif","width":620,"height":330,"caption":"Noticia sobre educaci\u00f3n y oposiciones para profesores y maestros en Navarra"},{"@type":"BreadcrumbList","@id":"https:\/\/www.campuseducacion.com\/blog\/oposiciones\/comunidades\/navarra\/navarra-listas-definitivas-de-aspirantes-a-puestos-temporales-de-docentes\/#breadcrumb","itemListElement":[{"@type":"ListItem","position":1,"name":"Portada","item":"https:\/\/www.campuseducacion.com\/blog\/"},{"@type":"ListItem","position":2,"name":"Primaria y Secundaria en Navarra. Listas Definitivas de Aspirantes a Puestos Temporales de Docentes."}]},{"@type":"WebSite","@id":"https:\/\/www.campuseducacion.com\/blog\/#website","url":"https:\/\/www.campuseducacion.com\/blog\/","name":"BLOG Noticias Oposiciones y bolsas Trabajo Interinos. Campuseducacion.com","description":"Actualidad en Oposiciones Maestros de Infantil Primaria y Profesores Secundaria","potentialAction":[{"@type":"SearchAction","target":{"@type":"EntryPoint","urlTemplate":"https:\/\/www.campuseducacion.com\/blog\/?s={search_term_string}"},"query-input":{"@type":"PropertyValueSpecification","valueRequired":true,"valueName":"search_term_string"}}],"inLanguage":"es"},{"@type":"Person","@id":"https:\/\/www.campuseducacion.com\/blog\/#\/schema\/person\/62fa9d1bd01a38844a0fea68cbbc9f3f","name":"Campuseducacion.com","image":{"@type":"ImageObject","inLanguage":"es","@id":"https:\/\/www.campuseducacion.com\/blog\/wp-content\/uploads\/2013\/05\/LogoCampusEducacionCuadrado_125px.png","url":"https:\/\/www.campuseducacion.com\/blog\/wp-content\/uploads\/2013\/05\/LogoCampusEducacionCuadrado_125px.png","contentUrl":"https:\/\/www.campuseducacion.com\/blog\/wp-content\/uploads\/2013\/05\/LogoCampusEducacionCuadrado_125px.png","caption":"Campuseducacion.com"},"description":"Campuseducacion.com te ofrece una amplia oferta en cursos homologados a distancia on-line para Oposiciones: cursos v\u00e1lidos para m\u00e9ritos en las Oposiciones de Maestros en Educaci\u00f3n Infantil y Primaria, y Profesores de Educaci\u00f3n Secundaria. Completa tu formaci\u00f3n Tambi\u00e9n para Sexenios y Concurso General de Traslados. Ahora puedes realizar formaci\u00f3n de postgrado para el profesorado con nuestros M\u00e1steres Oficiales Universitarios (1 punto para oposiciones y 3 puntos en Concurso General de Traslados). Consigue importantes descuentos con Campuseducacion.com en tu formaci\u00f3n homologada: 30% para afiliados a ANPE en cursos a distancia.","sameAs":["https:\/\/www.campuseducacion.com","https:\/\/www.facebook.com\/Campuseducacion.es","https:\/\/x.com\/https:\/\/twitter.com\/Campuseducacion"],"url":"https:\/\/www.campuseducacion.com\/blog\/autores\/adminopos\/"}]}},"amp_enabled":true,"_links":{"self":[{"href":"https:\/\/www.campuseducacion.com\/blog\/wp-json\/wp\/v2\/posts\/2135","targetHints":{"allow":["GET"]}}],"collection":[{"href":"https:\/\/www.campuseducacion.com\/blog\/wp-json\/wp\/v2\/posts"}],"about":[{"href":"https:\/\/www.campuseducacion.com\/blog\/wp-json\/wp\/v2\/types\/post"}],"author":[{"embeddable":true,"href":"https:\/\/www.campuseducacion.com\/blog\/wp-json\/wp\/v2\/users\/2"}],"replies":[{"embeddable":true,"href":"https:\/\/www.campuseducacion.com\/blog\/wp-json\/wp\/v2\/comments?post=2135"}],"version-history":[{"count":8,"href":"https:\/\/www.campuseducacion.com\/blog\/wp-json\/wp\/v2\/posts\/2135\/revisions"}],"predecessor-version":[{"id":2562,"href":"https:\/\/www.campuseducacion.com\/blog\/wp-json\/wp\/v2\/posts\/2135\/revisions\/2562"}],"wp:featuredmedia":[{"embeddable":true,"href":"https:\/\/www.campuseducacion.com\/blog\/wp-json\/wp\/v2\/media\/23"}],"wp:attachment":[{"href":"https:\/\/www.campuseducacion.com\/blog\/wp-json\/wp\/v2\/media?parent=2135"}],"wp:term":[{"taxonomy":"category","embeddable":true,"href":"https:\/\/www.campuseducacion.com\/blog\/wp-json\/wp\/v2\/categories?post=2135"},{"taxonomy":"post_tag","embeddable":true,"href":"https:\/\/www.campuseducacion.com\/blog\/wp-json\/wp\/v2\/tags?post=2135"}],"curies":[{"name":"wp","href":"https:\/\/api.w.org\/{rel}","templated":true}]}}