{"id":21854,"date":"2021-02-17T10:25:11","date_gmt":"2021-02-17T09:25:11","guid":{"rendered":"https:\/\/www.campuseducacion.com\/blog\/?p=21854"},"modified":"2021-02-17T10:25:11","modified_gmt":"2021-02-17T09:25:11","slug":"las-competencias-clave-en-tiempos-de-pandemia","status":"publish","type":"post","link":"https:\/\/www.campuseducacion.com\/blog\/revista-digital-docente\/las-competencias-clave-en-tiempos-de-pandemia\/","title":{"rendered":"Las Competencias Clave en tiempos de pandemia"},"content":{"rendered":"<blockquote class=\"td_quote_box td_box_center\">\n<p style=\"text-align: left;\"><strong>RESUMEN:<\/strong> En este art\u00edculo intentar\u00e9 traducir las pautas que nos llegan desde Europa y desde la legislaci\u00f3n espa\u00f1ola a la pr\u00e1ctica docente. Las competencias han venido para quedarse y no son una moda m\u00e1s en el panorama psicopedag\u00f3gico, pero los docentes necesitamos conocerlas y sobre todo saber aplicarlas en la pr\u00e1ctica educativa. Esto se vuelve m\u00e1s necesario si cabe con las nuevas restricciones que nos impone la pandemia a nivel organizativo y relacional en los centros educativos.<\/p>\n<p>&nbsp;<\/p>\n<p style=\"text-align: left;\"><strong>Palabras clave:<\/strong> competencias clave; definici\u00f3n; metodolog\u00eda; evaluaci\u00f3n.<\/p>\n<p>&nbsp;<\/p>\n<p style=\"text-align: left;\"><strong>ABSTRACT<\/strong>: Throughout this article I will try to translate the guidelines that come to us from Europe and from Spanish legislation to teaching practice. Competences have come to stay and are not just another fad in the psychopedagogical panorama, but teachers need to know them and above all know how to apply them in educational practice. This becomes more necessary if possible with the new restrictions imposed by the pandemic at the organizational and relational level in educational centers.<\/p>\n<p>&nbsp;<\/p>\n<p style=\"text-align: left;\"><strong>Keywords<\/strong>: Key competences; definition; methodology; assessment.<\/p>\n<\/blockquote>\n<p style=\"text-align: center;\"><strong><a href=\"https:\/\/www.campuseducacion.com\/revista-digital-docente\/numeros\/20\/files\/assets\/basic-html\/page-49.html\" target=\"_blank\" rel=\"noopener\">COMPETENCIAS CLAVE EN TIEMPOS DE PANDEMIA<\/a><\/strong><\/p>\n<p><em>\u00a0<\/em>La pandemia del COVID-19 oblig\u00f3 por primera vez, en la vida de muchos alumnos y docentes, a interrumpir el curso escolar presencial y a \u201crepensar\u201d la ense\u00f1anza-aprendizaje de un d\u00eda para otro. Todo esto ocurri\u00f3 sin contar con el desigual nivel de competencia digital, tanto entre los docentes, como entre el alumnado y sus familias. En ese periodo de \u201ccomunicaci\u00f3n telem\u00e1tica\u201d, que marc\u00f3 casi tres meses de nuestras vidas, se siguieron trabajando las competencias clave y ahora, con las nuevas restricciones higi\u00e9nicas y con los distintos escenarios en cada Comunidad Aut\u00f3noma, se hace necesario volver a reflexionar acerca de c\u00f3mo podemos sacar el m\u00e1ximo partido posible al trabajo por competencias clave, tanto en el aula como fuera de ella.<\/p>\n<span class='bctt-click-to-tweet'><span class='bctt-ctt-text'><a href='https:\/\/x.com\/intent\/tweet?url=https%3A%2F%2Fwww.campuseducacion.com%2Fblog%2Frevista-digital-docente%2Flas-competencias-clave-en-tiempos-de-pandemia%2F&#038;text=Las%20Competencias%20Clave%20en%20tiempos%20de%20Pandemia%20%23CEdRevistaDigitalDocente&#038;via=Campuseducacion&#038;related=Campuseducacion' target='_blank'rel=\"noopener noreferrer\">Las Competencias Clave en tiempos de Pandemia #CEdRevistaDigitalDocente <\/a><\/span><a href='https:\/\/x.com\/intent\/tweet?url=https%3A%2F%2Fwww.campuseducacion.com%2Fblog%2Frevista-digital-docente%2Flas-competencias-clave-en-tiempos-de-pandemia%2F&#038;text=Las%20Competencias%20Clave%20en%20tiempos%20de%20Pandemia%20%23CEdRevistaDigitalDocente&#038;via=Campuseducacion&#038;related=Campuseducacion' target='_blank' class='bctt-ctt-btn'rel=\"noopener noreferrer\">Compartir en X<\/a><\/span>\n<h2>Las competencias clave, una definici\u00f3n pr\u00e1ctica<\/h2>\n<p>Como afirman Zabala y Arnau (2007)<\/p>\n<blockquote class=\"td_pull_quote td_pull_center\"><p>\u201cla competencia, en el \u00e1mbito de la educaci\u00f3n escolar, ha de identificar aquello que necesita cualquier persona para dar respuesta a los problemas a los que se enfrentar\u00e1 a lo largo de su vida. Por lo tanto, la competencia consistir\u00e1 en la intervenci\u00f3n eficaz en los diferentes \u00e1mbitos de la vida, mediante acciones en las que se movilizan, al mismo tiempo y de manera interrelacionada, componentes actitudinales, procedimentales y conceptuales\u201d<\/p><\/blockquote>\n<p>Tal como expone esta definici\u00f3n de las competencias, se trata de un <strong>conocimiento en la pr\u00e1ctica<\/strong> y que debe interrelacionar los tres tipos de componentes que todo conocimiento tiene. El problema que nos encontramos una y otra vez es la predominancia en la escuela actual de los componentes conceptuales frente a los procedimentales y a los actitudinales. En este sentido,<strong> ense\u00f1ar por competencias requiere ir mucho m\u00e1s all\u00e1 de las \u00e1reas tanto en primaria como de las materias en secundaria<\/strong> y enfrentarnos a un nuevo modelo integrado que haga referencia a la metodolog\u00eda y a la evaluaci\u00f3n.<\/p>\n<h2>Las siete competencias clave<\/h2>\n<p>Tal como aparecen en la Ley Org\u00e1nica 8\/2013 para la Mejora de la Calidad Educativa, nos encontramos con las siguientes competencias clave, cuya definici\u00f3n es necesario conocer para poder aplicar y ense\u00f1ar. Si se desconocen cu\u00e1les son las competencias, que es la m\u00e1xima aspiraci\u00f3n del sistema educativo, \u00bfC\u00f3mo vamos a ser capaces de dise\u00f1ar metodolog\u00edas para ense\u00f1arlas y t\u00e9cnicas para evaluarlas?<\/p>\n<p>A continuaci\u00f3n, se exponen brevemente todas y cada una de ellas, con una definici\u00f3n personal y aplicada.<\/p>\n<blockquote class=\"td_quote_box td_box_center\">\n<p style=\"text-align: left;\"><strong>Competencia ling\u00fc\u00edstica<\/strong>: se refiere a la capacidad para usar el lenguaje, ya sea la lengua materna o la lengua extranjera. En las recomendaciones del Consejo de Europa esta competencia est\u00e1 dividida en dos, competencia en lengua materna y en lengua extranjera. El lenguaje a nivel competencial engloba la capacidad para expresar nuestras propias ideas y las ajenas, para relacionarnos con otras personas y para gestionar nuestras propias emociones y conductas.<\/p>\n<p>&nbsp;<\/p>\n<p style=\"text-align: left;\"><strong>Competencia matem\u00e1tica, ciencia y tecnolog\u00eda:<\/strong> esta competencia a\u00fana dos que anteriormente se defin\u00edan de forma separada, la matem\u00e1tica y la relacionada con el entorno m\u00e1s cercano. Se refiere al razonamiento matem\u00e1tico, al conocimiento y al saber hacer cient\u00edfico, a lo relacionado con la tecnolog\u00eda y con el conocimiento cient\u00edfico del entorno.<\/p>\n<p>&nbsp;<\/p>\n<p style=\"text-align: left;\"><strong>Competencia social y c\u00edvica<\/strong>: esencial para poder funcionar en el mundo actual. Esta competencia nos ayuda a actuar como ciudadanos en un mundo ordenado, con civismo y con habilidades sociales que nos permitan vivir en una sociedad democr\u00e1tica y participativa.<\/p>\n<p>&nbsp;<\/p>\n<p style=\"text-align: left;\"><strong>Competencia en conciencia y expresiones culturales<\/strong>: hace referencia a las habilidades m\u00e1s art\u00edsticas, a esa conciencia cultural sin la cual no podemos apreciar el arte y la est\u00e9tica de lo que nos rodea. Nos permite ser conscientes del arte, de la m\u00fasica, de la pl\u00e1stica que nos rodea y, en sus niveles avanzados, de crearla. Hace referencia a m\u00e1s de una cultura e implica la \u201capertura de miras\u201d que las expresiones culturales fomentan.<\/p>\n<p>&nbsp;<\/p>\n<p style=\"text-align: left;\"><strong>Competencia de aprender a aprender<\/strong>: se trata de un metaconocimiento sobre nuestra propia capacidad de aprender. Implica el aprender continuo durante toda la vida (<em>longlife learning<\/em>). Hace referencia a la \u201ccultura del aprendizaje\u201d (Monereo, 2001) en la que estamos inmersos.<\/p>\n<p>&nbsp;<\/p>\n<p style=\"text-align: left;\"><strong>Competencia digital<\/strong>: conjunto de conocimientos, habilidades y actitudes que nos hace enfrentarnos, adaptarnos y enriquecernos a trav\u00e9s de la tecnolog\u00eda y de las ciencias de la informaci\u00f3n. Actualmente en boga por el auge de la ense\u00f1anza a distancia, a consecuencia del confinamiento, y por la legislaci\u00f3n recientemente aparecida que anima a los docentes a certificar su competencia digital seg\u00fan la Resoluci\u00f3n de 2 de julio de 2020, de la Direcci\u00f3n General de Evaluaci\u00f3n y Cooperaci\u00f3n Territorial, por la que se publica el Acuerdo de la Conferencia Sectorial de Educaci\u00f3n sobre el marco de referencia de la competencia digital docente.<\/p>\n<p>&nbsp;<\/p>\n<p style=\"text-align: left;\"><strong>Competencia de iniciativa y esp\u00edritu emprendedor<\/strong>: se trata de la antigua competencia de autonom\u00eda, por la que la persona es capaz de tomar la iniciativa y de emprender, seg\u00fan sus caracter\u00edsticas individuales, asumiendo los riesgos a su nivel y adoptando las decisiones oportunas para convertir sus ideas en actos. Se refiere a la creatividad y a la capacidad de crear, gestionar y llevar a cabo proyectos.<\/p>\n<\/blockquote>\n<p>Abordemos ahora su vinculaci\u00f3n con la pr\u00e1ctica educativa, aspecto docente de m\u00e1ximo inter\u00e9s.<\/p>\n<p><img loading=\"lazy\" decoding=\"async\" class=\"alignnone wp-image-21871 size-full\" src=\"https:\/\/www.campuseducacion.com\/blog\/wp-content\/uploads\/2021\/02\/foto01-2.jpg\" alt=\"\" width=\"1200\" height=\"675\" srcset=\"https:\/\/www.campuseducacion.com\/blog\/wp-content\/uploads\/2021\/02\/foto01-2.jpg 1200w, https:\/\/www.campuseducacion.com\/blog\/wp-content\/uploads\/2021\/02\/foto01-2-300x169.jpg 300w, https:\/\/www.campuseducacion.com\/blog\/wp-content\/uploads\/2021\/02\/foto01-2-1024x576.jpg 1024w, https:\/\/www.campuseducacion.com\/blog\/wp-content\/uploads\/2021\/02\/foto01-2-150x84.jpg 150w, https:\/\/www.campuseducacion.com\/blog\/wp-content\/uploads\/2021\/02\/foto01-2-768x432.jpg 768w, https:\/\/www.campuseducacion.com\/blog\/wp-content\/uploads\/2021\/02\/foto01-2-600x338.jpg 600w, https:\/\/www.campuseducacion.com\/blog\/wp-content\/uploads\/2021\/02\/foto01-2-696x392.jpg 696w, https:\/\/www.campuseducacion.com\/blog\/wp-content\/uploads\/2021\/02\/foto01-2-1068x601.jpg 1068w, https:\/\/www.campuseducacion.com\/blog\/wp-content\/uploads\/2021\/02\/foto01-2-747x420.jpg 747w\" sizes=\"auto, (max-width: 1200px) 100vw, 1200px\" \/><\/p>\n<h2>Las competencias clave y su pr\u00e1ctica educativa<\/h2>\n<p>Una vez definida cada competencia, abordaremos c\u00f3mo podemos trabajar con ellas en el contexto educativo actual, con sus ventajas y sus inconvenientes, todo ello desde una perspectiva sist\u00e9mica que aborde el centro en su conjunto, el aula como unidad independiente pero interrelacionada y el plano individual del alumnado como persona.<\/p>\n<p>La pandemia ha tra\u00eddo consigo multitud de cambios que afectan principalmente a la situaci\u00f3n de ense\u00f1anza-aprendizaje. Mientras que antes de la llegada del coronavirus, los docentes de los niveles m\u00e1s elementales de la educaci\u00f3n (infantil y primaria) ten\u00edamos una serie de pr\u00e1cticas educativas impl\u00edcitas (compartir los materiales, darse la mano o abrazarse para solucionar conflictos, organizar la clase en rincones rotativos, etc.), con la llegada de las nuevas instrucciones de higiene y los distintos escenarios de contagio, todo ello se ha visto detenido y cambiado de forma radical.<\/p>\n<blockquote class=\"td_pull_quote td_pull_center\"><p>Cabe la tentaci\u00f3n, en esta \u00e9poca dura para la ense\u00f1anza y los docentes, de dejar relegadas las competencias clave para un momento \u201cm\u00e1s amable\u201d, centr\u00e1ndonos en una ense\u00f1anza de conceptos m\u00e1s bien as\u00e9ptica para evitar conflictos o contagios. Sin embargo, esto ser\u00eda al largo plazo contraproducente y producir\u00eda una generaci\u00f3n de alumnos no suficientemente preparados que comenz\u00f3 con el confinamiento que tuvo lugar en el \u00e1mbito nacional en el 2020.<\/p><\/blockquote>\n<p>Para que esto no sea as\u00ed, los docentes, a\u00fan con las restricciones necesarias y pertinentes de las autoridades educativas debemos trabajar a\u00fan con m\u00e1s \u00edmpetu en la adquisici\u00f3n de las competencias clave por parte de nuestro alumnado.<\/p>\n<p>Siguiendo la teor\u00eda ecol\u00f3gico-sist\u00e9mica de Bronfenbrenner (1987) pasar\u00e9 a abordar el planteamiento pr\u00e1ctico de las competencias clave a nivel de centro escolar.<\/p>\n<h2>Las competencias clave a nivel de centro<\/h2>\n<p>Como docente en un centro educativo, cualquier nuevo abordaje supone el trabajar de forma coordinada, llevando la sugerencia siempre a tu equipo de ciclo<a href=\"#_ftn1\" name=\"_ftnref1\">[1]<\/a>, para que sea trasladada, si se considera pertinente a la comisi\u00f3n de coordinaci\u00f3n pedag\u00f3gica<a href=\"#_ftn2\" name=\"_ftnref2\">[2]<\/a> (a partir de ahora CCP) para su consideraci\u00f3n y debate conjunto.<\/p>\n<blockquote class=\"td_quote_box td_box_center\">\n<p style=\"text-align: left;\">Una vez la CCP decide que es pertinente abordar la profundizaci\u00f3n en las competencias clave, tendr\u00e1 que reunirse el equipo docente de ciclo y reflexionar acerca de las conexiones entre los objetivos generales de etapa y las competencias clave anteriormente citadas, para tener una visi\u00f3n de conjunto sobre su contribuci\u00f3n. Posteriormente, se reflexionar\u00e1 y debatir\u00e1 acerca de las aportaciones de cada competencia a cada una de las \u00e1reas, teniendo en cuenta que cada competencia est\u00e1 presente en m\u00e1s de un \u00e1rea. Por ejemplo, en matem\u00e1ticas es fundamental la competencia matem\u00e1tica, pero la competencia digital se trabajar\u00e1 tambi\u00e9n si colgamos las tareas en la plataforma Educamadrid<a href=\"#_ftn3\" name=\"_ftnref3\">[3]<\/a> a trav\u00e9s de un curso MOODLE, la competencia de aprender a aprender y la de iniciativa y esp\u00edritu emprendedor est\u00e1 siempre presente a la hora de encontrar la motivaci\u00f3n para resolver un problema matem\u00e1tico. La competencia ling\u00fc\u00edstica permite comprender el enunciado de dicho problema y ser capaz de articularlo verbalmente y despu\u00e9s num\u00e9ricamente si debo explicarlo, y as\u00ed sucesivamente.<\/p>\n<\/blockquote>\n<p>Estas reflexiones iniciales abrir\u00e1n el debate hacia lo esencial de la cuesti\u00f3n competencial, que es c\u00f3mo ense\u00f1arlas y evaluarlas en el contexto de aula.<\/p>\n<h2>Las competencias clave a nivel de aula<\/h2>\n<p>En este apartado existen dos aspectos clave en la pr\u00e1ctica docente: la metodolog\u00eda y la evaluaci\u00f3n. Abordaremos con detenimiento cada uno de ellos.<\/p>\n<ul>\n<li><strong>Metodolog\u00eda<\/strong><\/li>\n<\/ul>\n<p>La metodolog\u00eda es uno de los pocos elementos no prescriptivos de nuestro curr\u00edculo actual, por lo que deja bastante maniobra a la creatividad y al buen hacer del docente. Existen <strong>multitud de metodolog\u00edas<\/strong> <strong>que fomentan la adquisici\u00f3n de competencias y que pueden ser aplicadas en un contexto de pandemia con ciertas adaptaciones<\/strong> como las din\u00e1micas cooperativas, el aprendizaje por proyectos o centros de inter\u00e9s, las Comunidades de aprendizaje (Flecha, 2009), las tutor\u00edas entre iguales, las salidas did\u00e1cticas aplicadas, el an\u00e1lisis de casos o las simulaciones.<\/p>\n<p>Sin \u00e1nimo de ser exhaustivos, se analizar\u00e1n tres de ellas:<\/p>\n<p><strong>Flipped classroom o clase invertida<\/strong>: Al dar la vuelta a la clase lo que se hace es <strong>trasladar fuera del aula la exposici\u00f3n de contenidos, proporcion\u00e1ndoselos a los alumnos en forma de documentos, v\u00eddeos, etc. y son ellos quienes deben revisarlos antes de la clase.<\/strong> De este modo, cada estudiante puede dedicar el tiempo que necesite para comprender estos aspectos: puede volver a leer, pasar el v\u00eddeo adelante y atr\u00e1s, revisar los ejemplos, etc. Despu\u00e9s, la clase se dedica a trabajar los contenidos con m\u00e1s profundidad y ampliarlos, habiendo tiempo tambi\u00e9n para aclarar dudas, identificar errores y resolver los malentendidos que puedan quedar. <strong>Las tareas que se realizan en clase, y que trabajan los niveles cognitivos de orden superior, son las que m\u00e1s dificultades pueden presentar para los estudiantes;<\/strong> al tener lugar en el aula, cuentan con el apoyo de los compa\u00f1eros y del profesor(Andr\u00e9s, 2016).<\/p>\n<blockquote class=\"td_pull_quote td_pull_center\"><p>En tiempos de pandemia, es una metodolog\u00eda que trabaja especialmente la competencia de aprender a aprender, ya que el alumno se enfrenta con sus estrategias al trabajo individual con el apoyo de los materiales que el profesor determine.<\/p><\/blockquote>\n<p>La competencia digital tambi\u00e9n se pone en juego, ya que normalmente utilizaremos alguna plataforma para alojar los videos y\/o los documentos, siendo siempre la recomendada por la Consejer\u00eda de Educaci\u00f3n de la Comunidad de Madrid, la de Educamadrid, por la alta seguridad que proporciona respecto a los datos de los menores.<\/p>\n<p><strong>Gamificaci\u00f3n o el uso de elementos l\u00fadicos en entornos educativos o de otro tipo.<\/strong> A trav\u00e9s de la gamificaci\u00f3n en el aula, se pueden trabajar pr\u00e1cticamente todas las competencias clave. Actualmente, el uso compartido de tablets o chromebooks en el aula para utilizar aplicaciones o juegos educativos que complementen la clase presencial, puede ser interesante siempre y cuando se respeten las medidas higi\u00e9nicas pertinentes (distancia de seguridad, mascarillas y desinfecci\u00f3n).<\/p>\n<blockquote class=\"td_pull_quote td_pull_center\"><p>Las Nuevas Tecnolog\u00edas de la Informaci\u00f3n y Comunicaci\u00f3n aportan un gran valor a\u00f1adido, ya que el alumno aprende siempre mejor cuando juega. A trav\u00e9s de la gamificaci\u00f3n, en l\u00edneas generales, se estar\u00edan trabajando la competencia de iniciativa y esp\u00edritu emprendedor ya que se ense\u00f1a al alumno a jugar y a aprender de forma aut\u00f3noma. La competencia ling\u00fc\u00edstica y matem\u00e1tica se trabajar\u00eda en funci\u00f3n de los contenidos.<\/p><\/blockquote>\n<p>En el mercado nos encontramos con aplicaciones educativas de todo tipo que incluso han llegado a desbordar a docentes y familias durante el periodo de confinamiento debido a su ingente n\u00famero. Son una herramienta m\u00e1s, que complementa el aprendizaje, pero no sustituyen en ning\u00fan momento ni al docente ni a la clase presencial (Ortiz-Col\u00f3n, Jord\u00e1n, &amp; Agredal, 2018).<\/p>\n<p><strong>Portfolio educativo<\/strong>: es una <strong>herramienta que puede ser utilizada a nivel transversal por todos los docentes que imparten un mismo nivel.<\/strong> En este portfolio se recogen los trabajos realizados por cada alumno de distintas \u00e1reas y se puede ver su evoluci\u00f3n.<\/p>\n<blockquote class=\"td_pull_quote td_pull_center\"><p>El portfolio educativo ha servido durante los \u00faltimos cuarenta a\u00f1os tanto como recurso para alumnos como para docentes con el fin de recopilar y presentar evidencias del propio trabajo y progreso hasta convertirse incluso en una herramienta para la evaluaci\u00f3n.(Carrasquer, 2012).<\/p><\/blockquote>\n<p>En tiempos de pandemia, para evitar pasar el portfolio de papel de una mano a otra, se pueden elaborar de forma electr\u00f3nica, con un procesador de textos y almacenados en un blog del profesor o en la nube del centro, en alg\u00fan lugar que cumpla con la normativa de protecci\u00f3n de datos.<\/p>\n<p><img loading=\"lazy\" decoding=\"async\" class=\"alignnone wp-image-21872 size-full\" src=\"https:\/\/www.campuseducacion.com\/blog\/wp-content\/uploads\/2021\/02\/foto02-2.jpg\" alt=\"\" width=\"1200\" height=\"675\" srcset=\"https:\/\/www.campuseducacion.com\/blog\/wp-content\/uploads\/2021\/02\/foto02-2.jpg 1200w, https:\/\/www.campuseducacion.com\/blog\/wp-content\/uploads\/2021\/02\/foto02-2-300x169.jpg 300w, https:\/\/www.campuseducacion.com\/blog\/wp-content\/uploads\/2021\/02\/foto02-2-1024x576.jpg 1024w, https:\/\/www.campuseducacion.com\/blog\/wp-content\/uploads\/2021\/02\/foto02-2-150x84.jpg 150w, https:\/\/www.campuseducacion.com\/blog\/wp-content\/uploads\/2021\/02\/foto02-2-768x432.jpg 768w, https:\/\/www.campuseducacion.com\/blog\/wp-content\/uploads\/2021\/02\/foto02-2-600x338.jpg 600w, https:\/\/www.campuseducacion.com\/blog\/wp-content\/uploads\/2021\/02\/foto02-2-696x392.jpg 696w, https:\/\/www.campuseducacion.com\/blog\/wp-content\/uploads\/2021\/02\/foto02-2-1068x601.jpg 1068w, https:\/\/www.campuseducacion.com\/blog\/wp-content\/uploads\/2021\/02\/foto02-2-747x420.jpg 747w\" sizes=\"auto, (max-width: 1200px) 100vw, 1200px\" \/><\/p>\n<ul>\n<li><strong>Evaluaci\u00f3n<\/strong><\/li>\n<\/ul>\n<p>La evaluaci\u00f3n de las competencias es verdaderamente importante llegados a este punto. El uso conjunto y coordinado de las mismas r\u00fabricas por parte del equipo docente, para evaluar aspectos semejantes, se convierte en algo necesario.<\/p>\n<blockquote class=\"td_quote_box td_box_center\">\n<p style=\"text-align: left;\">Estas r\u00fabricas, en tiempos de pandemia, deber\u00e1n evaluar tambi\u00e9n aspectos higi\u00e9nicos como uso de la mascarilla durante el trabajo en equipo, o mantenimiento de la distancia personal. Igualmente, se deber\u00e1 evitar el compartir material entre los miembros de un mismo equipo, desinfectando cualquier utensilio que haya podido ser utilizado por m\u00e1s de una persona.<\/p>\n<p>&nbsp;<\/p>\n<p style=\"text-align: left;\">A la hora de exponer las presentaciones orales, se har\u00e1 uso de la mascarilla y\/o manteniendo la distancia personal, en funci\u00f3n de las exigencias de la pandemia. Se recoger\u00e1n estos aspectos en las r\u00fabricas de trabajo en equipo y de exposici\u00f3n oral, as\u00ed como otros aspectos como entonaci\u00f3n, transmisi\u00f3n de ideas, empat\u00eda con la audiencia, lenguaje verbal y no verbal, etc.<\/p>\n<p>&nbsp;<\/p>\n<p style=\"text-align: left;\">Se podr\u00e1 adjuntar a las calificaciones (sin car\u00e1cter oficial) un bolet\u00edn informativo con la evaluaci\u00f3n de las competencias del alumno, describiendo sus aspectos negativos y positivos y dando sugerencias de mejora, por ejemplo, a la hora de transmitir la informaci\u00f3n, de resolver conflictos, de comunicar verbalmente, etc.<\/p>\n<p>&nbsp;<\/p>\n<p style=\"text-align: left;\">En estos tiempos en los que la ense\u00f1anza se ha vuelto \u201cas\u00e9ptica\u201d, unas valoraciones sobre las competencias de cada alumno\/a son de gran informaci\u00f3n tanto para el alumno, que ve c\u00f3mo el profesor valora su trabajo, como para las familias, que reciben informaci\u00f3n cualitativa y no s\u00f3lo cuantitativa.<\/p>\n<\/blockquote>\n<p>Si hemos tratado de ense\u00f1ar sin olvidar las competencias tendremos que evaluar sin dejarlas de lado. Esto es a\u00fan m\u00e1s importante si estamos en alg\u00fan curso en el que vaya a tener lugar una prueba de evaluaci\u00f3n. Por ejemplo, en la Comunidad de Madrid la prueba de 6\u00ba de Primaria y en la Educaci\u00f3n Secundaria Obligatoria la prueba de PISA. Tanto en una como en otra prueba, se plantean situaciones problema que el alumno debe resolver integrando todos los conocimientos, habilidades y destrezas que posee, en un saber decir, saber ser y saber hacer.<\/p>\n<h3>Las competencias clave a nivel individual y en el \u00e1mbito familiar<\/h3>\n<p>Para cada persona, <strong>el aprendizaje a lo largo de la vida y el seguir trabajando en la adquisici\u00f3n de las competencias clave<\/strong>, primero en el \u00e1mbito acad\u00e9mico y despu\u00e9s en el profesional,<strong> debe ser el objetivo \u00faltimo a conseguir.<\/strong> En este sentido, la familia, como lugar en el que nos desarrollamos como individuos y donde somos especialmente considerados, se convierte en un lugar privilegiado para ello. <strong>Desde la escuela, los docentes deberemos guiar a las familias para que se conviertan en \u201cpotenciadores\u201d de las competencias de sus hijos.<\/strong> Para ello La Confederaci\u00f3n espa\u00f1ola de Asociaciones de Padres y Madres del alumnado (CEAPA)<a href=\"#_ftn6\" name=\"_ftnref6\">[6]<\/a> cre\u00f3 para el 2020 el calendario \u201cLas competencias clave para el aprendizaje permanente\u201d con ideas creativas y diarias para trabajar las competencias en familia.<\/p>\n<p><img loading=\"lazy\" decoding=\"async\" class=\"alignnone wp-image-21873 size-full\" src=\"https:\/\/www.campuseducacion.com\/blog\/wp-content\/uploads\/2021\/02\/foto03.png\" alt=\"\" width=\"1280\" height=\"720\" srcset=\"https:\/\/www.campuseducacion.com\/blog\/wp-content\/uploads\/2021\/02\/foto03.png 1280w, https:\/\/www.campuseducacion.com\/blog\/wp-content\/uploads\/2021\/02\/foto03-300x169.png 300w, https:\/\/www.campuseducacion.com\/blog\/wp-content\/uploads\/2021\/02\/foto03-1024x576.png 1024w, https:\/\/www.campuseducacion.com\/blog\/wp-content\/uploads\/2021\/02\/foto03-150x84.png 150w, https:\/\/www.campuseducacion.com\/blog\/wp-content\/uploads\/2021\/02\/foto03-768x432.png 768w, https:\/\/www.campuseducacion.com\/blog\/wp-content\/uploads\/2021\/02\/foto03-600x338.png 600w, https:\/\/www.campuseducacion.com\/blog\/wp-content\/uploads\/2021\/02\/foto03-696x392.png 696w, https:\/\/www.campuseducacion.com\/blog\/wp-content\/uploads\/2021\/02\/foto03-1068x601.png 1068w, https:\/\/www.campuseducacion.com\/blog\/wp-content\/uploads\/2021\/02\/foto03-747x420.png 747w\" sizes=\"auto, (max-width: 1280px) 100vw, 1280px\" \/><\/p>\n<h2>Importancia de las competencias clave<\/h2>\n<p>Como establece la Resoluci\u00f3n de 2 de julio de 2020, \u201cla Recomendaci\u00f3n del Consejo Europeo de 22 de mayo de 2018 relativa a las competencias clave para el aprendizaje permanente incluye <strong>la competencia digital, junto con la lectoescritura y el c\u00e1lculo, entre las capacidades b\u00e1sicas a las que se debe prestar especial atenci\u00f3n.<\/strong> Asimismo, destaca el uso adecuado de las tecnolog\u00edas digitales en los contextos de la educaci\u00f3n, la formaci\u00f3n y el aprendizaje para facilitar la adquisici\u00f3n y desarrollo de las competencias clave y apoya la iniciativa de la Comisi\u00f3n Europea de promover la creaci\u00f3n de marcos de competencias espec\u00edficas\u201d.<\/p>\n<blockquote class=\"td_quote_box td_box_center\">\n<p style=\"text-align: left;\">Las competencias clave deben estar reflejadas en todos los documentos de centro, tanto en el Proyecto Educativo de Centro que es el que gu\u00eda todas las actuaciones posteriores en un centro educativo, como en el Plan de Atenci\u00f3n a la Diversidad o en el Plan de Convivencia.<\/p>\n<p>&nbsp;<\/p>\n<p style=\"text-align: left;\">Se puede decir que las competencias se convierten en un lenguaje claro y unificado, con el que concretar y especificar las caracter\u00edsticas de un nuevo ciudadano activo y participativo en la sociedad que nos rodea.<\/p>\n<\/blockquote>\n<p>Para concluir, tal como afirma Zabala<\/p>\n<blockquote class=\"td_pull_quote td_pull_center\"><p>la ense\u00f1anza basada en competencias puede ser una nueva oportunidad para que el sistema educativo afronte una educaci\u00f3n desde una visi\u00f3n racional, comprometida, responsable y global para la formaci\u00f3n de una ciudadan\u00eda. Una oportunidad para que la educaci\u00f3n redescubra su potencialidad como medio esencial, junto con otros, para la mejora de la persona y de la sociedad (Zabala, 2007)<\/p><\/blockquote>\n<p><span style=\"color: #111111; font-family: Roboto, sans-serif; font-size: 27px; font-weight: 400;\">Te puede interesar&#8230;.<\/span><\/p>\n<h3>Amplia tu formaci\u00f3n<\/h3>\n<p><a href=\"https:\/\/www.campuseducacion.com\/cursos-homologados\/matricula\" target=\"_blank\" rel=\"noopener\"><strong>Campuseducacion.com<\/strong><\/a> te ofrece un curso que se dirige exclusivamente hacia el conocimiento de la importancia que tiene el desarrollo de las competencias clave dentro del sistema educativo actual. En consonancia, pretende formar a los docentes para que puedan integrar las competencias en sus procesos de ense\u00f1anza, orient\u00e1ndoles sobre las elecciones metodol\u00f3gicas m\u00e1s oportunas y entren\u00e1ndoles en el proceso de evaluaci\u00f3n por competencias.<\/p>\n<ul>\n<li><a href=\"https:\/\/www.campuseducacion.com\/curso-oposiciones-maestros-profesores-competencias-clave\" target=\"_blank\" rel=\"noopener\"><strong>Las competencias clave en las diferentes etapas educativas: Integraci\u00f3n curricular, desaf\u00edos educativos y evaluaci\u00f3n competencial<\/strong><\/a><\/li>\n<\/ul>\n<h3>Publica con nosotros<\/h3>\n<p><strong>Campus Educaci\u00f3n Revista Digital Docente<\/strong> ofrece la posibilidad a la comunidad docente de publicar art\u00edculos cient\u00edficos y did\u00e1cticos de forma totalmente gratuita, permitiendo as\u00ed la divulgaci\u00f3n del quehacer profesional docente, contribuyendo al avance de las ciencias de la informaci\u00f3n.<\/p>\n<p>Los autores de Campus Educaci\u00f3n Revista Digital Docente ven este medio un lugar ideal para la investigaci\u00f3n pedag\u00f3gica, a la vez que reciben un <strong>certificado de autor\u00eda que les puede ayudar a sumar puntos en diferentes procesos selectivos y baremos de m\u00e9ritos, como las oposiciones docentes o el concurso general de traslados.\u00a0<\/strong><\/p>\n<p>Ahora puedes conseguir 4 certificaciones gratuitas en Campus Educaci\u00f3n Revista Digital Docente si te matriculas en tres o m\u00e1s<strong><a href=\"https:\/\/www.campuseducacion.com\/cursos-homologados\/oposiciones-maestros-profesores\" target=\"_blank\" rel=\"noopener\"> cursos homologados para oposiciones o concurso general de traslados<\/a><\/strong> en Campuseducacion.com<\/p>\n<p><img loading=\"lazy\" decoding=\"async\" class=\"alignnone wp-image-19043 size-full\" src=\"https:\/\/www.campuseducacion.com\/blog\/wp-content\/uploads\/2020\/03\/banner-recordatorio-publicaciones-2020.jpg\" alt=\"\" width=\"1320\" height=\"582\" srcset=\"https:\/\/www.campuseducacion.com\/blog\/wp-content\/uploads\/2020\/03\/banner-recordatorio-publicaciones-2020.jpg 1320w, https:\/\/www.campuseducacion.com\/blog\/wp-content\/uploads\/2020\/03\/banner-recordatorio-publicaciones-2020-300x132.jpg 300w, https:\/\/www.campuseducacion.com\/blog\/wp-content\/uploads\/2020\/03\/banner-recordatorio-publicaciones-2020-1024x451.jpg 1024w, https:\/\/www.campuseducacion.com\/blog\/wp-content\/uploads\/2020\/03\/banner-recordatorio-publicaciones-2020-150x66.jpg 150w, https:\/\/www.campuseducacion.com\/blog\/wp-content\/uploads\/2020\/03\/banner-recordatorio-publicaciones-2020-768x339.jpg 768w, https:\/\/www.campuseducacion.com\/blog\/wp-content\/uploads\/2020\/03\/banner-recordatorio-publicaciones-2020-600x265.jpg 600w, https:\/\/www.campuseducacion.com\/blog\/wp-content\/uploads\/2020\/03\/banner-recordatorio-publicaciones-2020-696x307.jpg 696w, https:\/\/www.campuseducacion.com\/blog\/wp-content\/uploads\/2020\/03\/banner-recordatorio-publicaciones-2020-1068x471.jpg 1068w, https:\/\/www.campuseducacion.com\/blog\/wp-content\/uploads\/2020\/03\/banner-recordatorio-publicaciones-2020-953x420.jpg 953w\" sizes=\"auto, (max-width: 1320px) 100vw, 1320px\" \/><\/p>\n\n\n<div class=\"kk-star-ratings kksr-auto kksr-align-left kksr-valign-bottom\"\n    data-payload='{&quot;align&quot;:&quot;left&quot;,&quot;id&quot;:&quot;21854&quot;,&quot;slug&quot;:&quot;default&quot;,&quot;valign&quot;:&quot;bottom&quot;,&quot;ignore&quot;:&quot;&quot;,&quot;reference&quot;:&quot;auto&quot;,&quot;class&quot;:&quot;&quot;,&quot;count&quot;:&quot;1&quot;,&quot;legendonly&quot;:&quot;&quot;,&quot;readonly&quot;:&quot;&quot;,&quot;score&quot;:&quot;5&quot;,&quot;starsonly&quot;:&quot;&quot;,&quot;best&quot;:&quot;5&quot;,&quot;gap&quot;:&quot;5&quot;,&quot;greet&quot;:&quot;&quot;,&quot;legend&quot;:&quot;5\\\/5 - (1 voto)&quot;,&quot;size&quot;:&quot;15&quot;,&quot;title&quot;:&quot;Las Competencias Clave en tiempos de pandemia&quot;,&quot;width&quot;:&quot;97.5&quot;,&quot;_legend&quot;:&quot;{score}\\\/{best} - ({count} {votes})&quot;,&quot;font_factor&quot;:&quot;1.25&quot;}'>\n            \n<div class=\"kksr-stars\">\n    \n<div class=\"kksr-stars-inactive\">\n            <div class=\"kksr-star\" data-star=\"1\" style=\"padding-right: 5px\">\n            \n\n<div class=\"kksr-icon\" style=\"width: 15px; height: 15px;\"><\/div>\n        <\/div>\n            <div class=\"kksr-star\" data-star=\"2\" style=\"padding-right: 5px\">\n            \n\n<div class=\"kksr-icon\" style=\"width: 15px; height: 15px;\"><\/div>\n        <\/div>\n            <div class=\"kksr-star\" data-star=\"3\" style=\"padding-right: 5px\">\n            \n\n<div class=\"kksr-icon\" style=\"width: 15px; height: 15px;\"><\/div>\n        <\/div>\n            <div class=\"kksr-star\" data-star=\"4\" style=\"padding-right: 5px\">\n            \n\n<div class=\"kksr-icon\" style=\"width: 15px; height: 15px;\"><\/div>\n        <\/div>\n            <div class=\"kksr-star\" data-star=\"5\" style=\"padding-right: 5px\">\n            \n\n<div class=\"kksr-icon\" style=\"width: 15px; height: 15px;\"><\/div>\n        <\/div>\n    <\/div>\n    \n<div class=\"kksr-stars-active\" style=\"width: 97.5px;\">\n            <div class=\"kksr-star\" style=\"padding-right: 5px\">\n            \n\n<div class=\"kksr-icon\" style=\"width: 15px; height: 15px;\"><\/div>\n        <\/div>\n            <div class=\"kksr-star\" style=\"padding-right: 5px\">\n            \n\n<div class=\"kksr-icon\" style=\"width: 15px; height: 15px;\"><\/div>\n        <\/div>\n            <div class=\"kksr-star\" style=\"padding-right: 5px\">\n            \n\n<div class=\"kksr-icon\" style=\"width: 15px; height: 15px;\"><\/div>\n        <\/div>\n            <div class=\"kksr-star\" style=\"padding-right: 5px\">\n            \n\n<div class=\"kksr-icon\" style=\"width: 15px; height: 15px;\"><\/div>\n        <\/div>\n            <div class=\"kksr-star\" style=\"padding-right: 5px\">\n            \n\n<div class=\"kksr-icon\" style=\"width: 15px; height: 15px;\"><\/div>\n        <\/div>\n    <\/div>\n<\/div>\n                \n\n<div class=\"kksr-legend\" style=\"font-size: 12px;\">\n            5\/5 - (1 voto)    <\/div>\n    <\/div>\n","protected":false},"excerpt":{"rendered":"<p>RESUMEN: En este art\u00edculo intentar\u00e9 traducir las pautas que nos llegan desde Europa y desde la legislaci\u00f3n espa\u00f1ola a la pr\u00e1ctica docente. Las competencias han venido para quedarse y no son una moda m\u00e1s en el panorama psicopedag\u00f3gico, pero los docentes necesitamos conocerlas y sobre todo saber aplicarlas en la pr\u00e1ctica educativa. Esto se vuelve [&hellip;]<\/p>\n","protected":false},"author":144,"featured_media":21874,"comment_status":"closed","ping_status":"closed","sticky":false,"template":"","format":"image","meta":{"tdm_status":"","tdm_grid_status":"","footnotes":""},"categories":[884,1,798],"tags":[],"class_list":{"0":"post-21854","1":"post","2":"type-post","3":"status-publish","4":"format-image","5":"has-post-thumbnail","7":"category-revista-digital-docente","8":"category-general","9":"category-recursos","10":"post_format-post-format-image"},"yoast_head":"<!-- This site is optimized with the Yoast SEO plugin v27.4 - https:\/\/yoast.com\/product\/yoast-seo-wordpress\/ -->\n<title>Las Competencias Clave en tiempos de pandemia - Campuseducacion.com<\/title>\n<meta name=\"description\" content=\"RESUMEN: En este art\u00edculo intentar\u00e9 traducir las pautas que nos llegan desde Europa y desde la legislaci\u00f3n espa\u00f1ola a la pr\u00e1ctica docente. Las C\u00f3mo seguir profundizando en la metodolog\u00eda y la evaluaci\u00f3n por competencias\" \/>\n<meta name=\"robots\" content=\"index, follow, max-snippet:-1, max-image-preview:large, max-video-preview:-1\" \/>\n<link rel=\"canonical\" href=\"https:\/\/www.campuseducacion.com\/blog\/revista-digital-docente\/las-competencias-clave-en-tiempos-de-pandemia\/\" \/>\n<meta property=\"og:locale\" content=\"es_ES\" \/>\n<meta property=\"og:type\" content=\"article\" \/>\n<meta property=\"og:title\" content=\"Las Competencias Clave en tiempos de pandemia - Campuseducacion.com\" \/>\n<meta property=\"og:description\" content=\"RESUMEN: En este art\u00edculo intentar\u00e9 traducir las pautas que nos llegan desde Europa y desde la legislaci\u00f3n espa\u00f1ola a la pr\u00e1ctica docente. Las C\u00f3mo seguir profundizando en la metodolog\u00eda y la evaluaci\u00f3n por competencias\" \/>\n<meta property=\"og:url\" content=\"https:\/\/www.campuseducacion.com\/blog\/revista-digital-docente\/las-competencias-clave-en-tiempos-de-pandemia\/\" \/>\n<meta property=\"og:site_name\" content=\"BLOG Noticias Oposiciones y bolsas Trabajo Interinos. Campuseducacion.com\" \/>\n<meta property=\"article:publisher\" content=\"https:\/\/www.facebook.com\/Campuseducacion.es\" \/>\n<meta property=\"article:published_time\" content=\"2021-02-17T09:25:11+00:00\" \/>\n<meta property=\"og:image\" content=\"https:\/\/www.campuseducacion.com\/blog\/wp-content\/uploads\/2021\/02\/destacada-2.jpg\" \/>\n\t<meta property=\"og:image:width\" content=\"1200\" \/>\n\t<meta property=\"og:image:height\" content=\"675\" \/>\n\t<meta property=\"og:image:type\" content=\"image\/jpeg\" \/>\n<meta name=\"author\" content=\"Carmen Harosa Gonz\u00e1lez-Anleo\" \/>\n<meta name=\"twitter:card\" content=\"summary_large_image\" \/>\n<meta name=\"twitter:creator\" content=\"@Campuseducacion\" \/>\n<meta name=\"twitter:site\" content=\"@Campuseducacion\" \/>\n<meta name=\"twitter:label1\" content=\"Escrito por\" \/>\n\t<meta name=\"twitter:data1\" content=\"Carmen Harosa Gonz\u00e1lez-Anleo\" \/>\n\t<meta name=\"twitter:label2\" content=\"Tiempo de lectura\" \/>\n\t<meta name=\"twitter:data2\" content=\"15 minutos\" \/>\n<script type=\"application\/ld+json\" class=\"yoast-schema-graph\">{\"@context\":\"https:\\\/\\\/schema.org\",\"@graph\":[{\"@type\":\"Article\",\"@id\":\"https:\\\/\\\/www.campuseducacion.com\\\/blog\\\/revista-digital-docente\\\/las-competencias-clave-en-tiempos-de-pandemia\\\/#article\",\"isPartOf\":{\"@id\":\"https:\\\/\\\/www.campuseducacion.com\\\/blog\\\/revista-digital-docente\\\/las-competencias-clave-en-tiempos-de-pandemia\\\/\"},\"author\":{\"name\":\"Carmen Harosa Gonz\u00e1lez-Anleo\",\"@id\":\"https:\\\/\\\/www.campuseducacion.com\\\/blog\\\/#\\\/schema\\\/person\\\/446cb81880cf8c6cad378e3c69ed4efc\"},\"headline\":\"Las Competencias Clave en tiempos de pandemia\",\"datePublished\":\"2021-02-17T09:25:11+00:00\",\"mainEntityOfPage\":{\"@id\":\"https:\\\/\\\/www.campuseducacion.com\\\/blog\\\/revista-digital-docente\\\/las-competencias-clave-en-tiempos-de-pandemia\\\/\"},\"wordCount\":3443,\"image\":{\"@id\":\"https:\\\/\\\/www.campuseducacion.com\\\/blog\\\/revista-digital-docente\\\/las-competencias-clave-en-tiempos-de-pandemia\\\/#primaryimage\"},\"thumbnailUrl\":\"https:\\\/\\\/www.campuseducacion.com\\\/blog\\\/wp-content\\\/uploads\\\/2021\\\/02\\\/destacada-2.jpg\",\"articleSection\":[\"Campus Educaci\u00f3n Revista Digital Docente\",\"General\",\"Recursos Educativos y Publicaciones Did\u00e1cticas\"],\"inLanguage\":\"es\"},{\"@type\":\"WebPage\",\"@id\":\"https:\\\/\\\/www.campuseducacion.com\\\/blog\\\/revista-digital-docente\\\/las-competencias-clave-en-tiempos-de-pandemia\\\/\",\"url\":\"https:\\\/\\\/www.campuseducacion.com\\\/blog\\\/revista-digital-docente\\\/las-competencias-clave-en-tiempos-de-pandemia\\\/\",\"name\":\"Las Competencias Clave en tiempos de pandemia - Campuseducacion.com\",\"isPartOf\":{\"@id\":\"https:\\\/\\\/www.campuseducacion.com\\\/blog\\\/#website\"},\"primaryImageOfPage\":{\"@id\":\"https:\\\/\\\/www.campuseducacion.com\\\/blog\\\/revista-digital-docente\\\/las-competencias-clave-en-tiempos-de-pandemia\\\/#primaryimage\"},\"image\":{\"@id\":\"https:\\\/\\\/www.campuseducacion.com\\\/blog\\\/revista-digital-docente\\\/las-competencias-clave-en-tiempos-de-pandemia\\\/#primaryimage\"},\"thumbnailUrl\":\"https:\\\/\\\/www.campuseducacion.com\\\/blog\\\/wp-content\\\/uploads\\\/2021\\\/02\\\/destacada-2.jpg\",\"datePublished\":\"2021-02-17T09:25:11+00:00\",\"author\":{\"@id\":\"https:\\\/\\\/www.campuseducacion.com\\\/blog\\\/#\\\/schema\\\/person\\\/446cb81880cf8c6cad378e3c69ed4efc\"},\"description\":\"RESUMEN: En este art\u00edculo intentar\u00e9 traducir las pautas que nos llegan desde Europa y desde la legislaci\u00f3n espa\u00f1ola a la pr\u00e1ctica docente. Las C\u00f3mo seguir profundizando en la metodolog\u00eda y la evaluaci\u00f3n por competencias\",\"breadcrumb\":{\"@id\":\"https:\\\/\\\/www.campuseducacion.com\\\/blog\\\/revista-digital-docente\\\/las-competencias-clave-en-tiempos-de-pandemia\\\/#breadcrumb\"},\"inLanguage\":\"es\",\"potentialAction\":[{\"@type\":\"ReadAction\",\"target\":[\"https:\\\/\\\/www.campuseducacion.com\\\/blog\\\/revista-digital-docente\\\/las-competencias-clave-en-tiempos-de-pandemia\\\/\"]}]},{\"@type\":\"ImageObject\",\"inLanguage\":\"es\",\"@id\":\"https:\\\/\\\/www.campuseducacion.com\\\/blog\\\/revista-digital-docente\\\/las-competencias-clave-en-tiempos-de-pandemia\\\/#primaryimage\",\"url\":\"https:\\\/\\\/www.campuseducacion.com\\\/blog\\\/wp-content\\\/uploads\\\/2021\\\/02\\\/destacada-2.jpg\",\"contentUrl\":\"https:\\\/\\\/www.campuseducacion.com\\\/blog\\\/wp-content\\\/uploads\\\/2021\\\/02\\\/destacada-2.jpg\",\"width\":1200,\"height\":675},{\"@type\":\"BreadcrumbList\",\"@id\":\"https:\\\/\\\/www.campuseducacion.com\\\/blog\\\/revista-digital-docente\\\/las-competencias-clave-en-tiempos-de-pandemia\\\/#breadcrumb\",\"itemListElement\":[{\"@type\":\"ListItem\",\"position\":1,\"name\":\"Portada\",\"item\":\"https:\\\/\\\/www.campuseducacion.com\\\/blog\\\/\"},{\"@type\":\"ListItem\",\"position\":2,\"name\":\"Las Competencias Clave en tiempos de pandemia\"}]},{\"@type\":\"WebSite\",\"@id\":\"https:\\\/\\\/www.campuseducacion.com\\\/blog\\\/#website\",\"url\":\"https:\\\/\\\/www.campuseducacion.com\\\/blog\\\/\",\"name\":\"BLOG Noticias Oposiciones y bolsas Trabajo Interinos. Campuseducacion.com\",\"description\":\"Actualidad en Oposiciones Maestros de Infantil Primaria y Profesores Secundaria\",\"potentialAction\":[{\"@type\":\"SearchAction\",\"target\":{\"@type\":\"EntryPoint\",\"urlTemplate\":\"https:\\\/\\\/www.campuseducacion.com\\\/blog\\\/?s={search_term_string}\"},\"query-input\":{\"@type\":\"PropertyValueSpecification\",\"valueRequired\":true,\"valueName\":\"search_term_string\"}}],\"inLanguage\":\"es\"},{\"@type\":\"Person\",\"@id\":\"https:\\\/\\\/www.campuseducacion.com\\\/blog\\\/#\\\/schema\\\/person\\\/446cb81880cf8c6cad378e3c69ed4efc\",\"name\":\"Carmen Harosa Gonz\u00e1lez-Anleo\",\"image\":{\"@type\":\"ImageObject\",\"inLanguage\":\"es\",\"@id\":\"https:\\\/\\\/www.campuseducacion.com\\\/blog\\\/wp-content\\\/uploads\\\/2021\\\/01\\\/Carmen-Harosa-Gonzalez-Anleo-FOTO.png\",\"url\":\"https:\\\/\\\/www.campuseducacion.com\\\/blog\\\/wp-content\\\/uploads\\\/2021\\\/01\\\/Carmen-Harosa-Gonzalez-Anleo-FOTO.png\",\"contentUrl\":\"https:\\\/\\\/www.campuseducacion.com\\\/blog\\\/wp-content\\\/uploads\\\/2021\\\/01\\\/Carmen-Harosa-Gonzalez-Anleo-FOTO.png\",\"caption\":\"Carmen Harosa Gonz\u00e1lez-Anleo\"},\"description\":\"Licenciada en Psicolog\u00eda y Psicopedagog\u00eda y Graduada en Educaci\u00f3n Primaria en la especialidad de ingl\u00e9s, Carmen es maestra de Primaria de ingl\u00e9s y alem\u00e1n en el CEIP Bachiller Alonso L\u00f3pez (Madrid)\",\"url\":\"https:\\\/\\\/www.campuseducacion.com\\\/blog\\\/autores\\\/carmenharosa\\\/\"}]}<\/script>\n<!-- \/ Yoast SEO plugin. -->","yoast_head_json":{"title":"Las Competencias Clave en tiempos de pandemia - Campuseducacion.com","description":"RESUMEN: En este art\u00edculo intentar\u00e9 traducir las pautas que nos llegan desde Europa y desde la legislaci\u00f3n espa\u00f1ola a la pr\u00e1ctica docente. Las C\u00f3mo seguir profundizando en la metodolog\u00eda y la evaluaci\u00f3n por competencias","robots":{"index":"index","follow":"follow","max-snippet":"max-snippet:-1","max-image-preview":"max-image-preview:large","max-video-preview":"max-video-preview:-1"},"canonical":"https:\/\/www.campuseducacion.com\/blog\/revista-digital-docente\/las-competencias-clave-en-tiempos-de-pandemia\/","og_locale":"es_ES","og_type":"article","og_title":"Las Competencias Clave en tiempos de pandemia - Campuseducacion.com","og_description":"RESUMEN: En este art\u00edculo intentar\u00e9 traducir las pautas que nos llegan desde Europa y desde la legislaci\u00f3n espa\u00f1ola a la pr\u00e1ctica docente. Las C\u00f3mo seguir profundizando en la metodolog\u00eda y la evaluaci\u00f3n por competencias","og_url":"https:\/\/www.campuseducacion.com\/blog\/revista-digital-docente\/las-competencias-clave-en-tiempos-de-pandemia\/","og_site_name":"BLOG Noticias Oposiciones y bolsas Trabajo Interinos. Campuseducacion.com","article_publisher":"https:\/\/www.facebook.com\/Campuseducacion.es","article_published_time":"2021-02-17T09:25:11+00:00","og_image":[{"width":1200,"height":675,"url":"https:\/\/www.campuseducacion.com\/blog\/wp-content\/uploads\/2021\/02\/destacada-2.jpg","type":"image\/jpeg"}],"author":"Carmen Harosa Gonz\u00e1lez-Anleo","twitter_card":"summary_large_image","twitter_creator":"@Campuseducacion","twitter_site":"@Campuseducacion","twitter_misc":{"Escrito por":"Carmen Harosa Gonz\u00e1lez-Anleo","Tiempo de lectura":"15 minutos"},"schema":{"@context":"https:\/\/schema.org","@graph":[{"@type":"Article","@id":"https:\/\/www.campuseducacion.com\/blog\/revista-digital-docente\/las-competencias-clave-en-tiempos-de-pandemia\/#article","isPartOf":{"@id":"https:\/\/www.campuseducacion.com\/blog\/revista-digital-docente\/las-competencias-clave-en-tiempos-de-pandemia\/"},"author":{"name":"Carmen Harosa Gonz\u00e1lez-Anleo","@id":"https:\/\/www.campuseducacion.com\/blog\/#\/schema\/person\/446cb81880cf8c6cad378e3c69ed4efc"},"headline":"Las Competencias Clave en tiempos de pandemia","datePublished":"2021-02-17T09:25:11+00:00","mainEntityOfPage":{"@id":"https:\/\/www.campuseducacion.com\/blog\/revista-digital-docente\/las-competencias-clave-en-tiempos-de-pandemia\/"},"wordCount":3443,"image":{"@id":"https:\/\/www.campuseducacion.com\/blog\/revista-digital-docente\/las-competencias-clave-en-tiempos-de-pandemia\/#primaryimage"},"thumbnailUrl":"https:\/\/www.campuseducacion.com\/blog\/wp-content\/uploads\/2021\/02\/destacada-2.jpg","articleSection":["Campus Educaci\u00f3n Revista Digital Docente","General","Recursos Educativos y Publicaciones Did\u00e1cticas"],"inLanguage":"es"},{"@type":"WebPage","@id":"https:\/\/www.campuseducacion.com\/blog\/revista-digital-docente\/las-competencias-clave-en-tiempos-de-pandemia\/","url":"https:\/\/www.campuseducacion.com\/blog\/revista-digital-docente\/las-competencias-clave-en-tiempos-de-pandemia\/","name":"Las Competencias Clave en tiempos de pandemia - Campuseducacion.com","isPartOf":{"@id":"https:\/\/www.campuseducacion.com\/blog\/#website"},"primaryImageOfPage":{"@id":"https:\/\/www.campuseducacion.com\/blog\/revista-digital-docente\/las-competencias-clave-en-tiempos-de-pandemia\/#primaryimage"},"image":{"@id":"https:\/\/www.campuseducacion.com\/blog\/revista-digital-docente\/las-competencias-clave-en-tiempos-de-pandemia\/#primaryimage"},"thumbnailUrl":"https:\/\/www.campuseducacion.com\/blog\/wp-content\/uploads\/2021\/02\/destacada-2.jpg","datePublished":"2021-02-17T09:25:11+00:00","author":{"@id":"https:\/\/www.campuseducacion.com\/blog\/#\/schema\/person\/446cb81880cf8c6cad378e3c69ed4efc"},"description":"RESUMEN: En este art\u00edculo intentar\u00e9 traducir las pautas que nos llegan desde Europa y desde la legislaci\u00f3n espa\u00f1ola a la pr\u00e1ctica docente. Las C\u00f3mo seguir profundizando en la metodolog\u00eda y la evaluaci\u00f3n por competencias","breadcrumb":{"@id":"https:\/\/www.campuseducacion.com\/blog\/revista-digital-docente\/las-competencias-clave-en-tiempos-de-pandemia\/#breadcrumb"},"inLanguage":"es","potentialAction":[{"@type":"ReadAction","target":["https:\/\/www.campuseducacion.com\/blog\/revista-digital-docente\/las-competencias-clave-en-tiempos-de-pandemia\/"]}]},{"@type":"ImageObject","inLanguage":"es","@id":"https:\/\/www.campuseducacion.com\/blog\/revista-digital-docente\/las-competencias-clave-en-tiempos-de-pandemia\/#primaryimage","url":"https:\/\/www.campuseducacion.com\/blog\/wp-content\/uploads\/2021\/02\/destacada-2.jpg","contentUrl":"https:\/\/www.campuseducacion.com\/blog\/wp-content\/uploads\/2021\/02\/destacada-2.jpg","width":1200,"height":675},{"@type":"BreadcrumbList","@id":"https:\/\/www.campuseducacion.com\/blog\/revista-digital-docente\/las-competencias-clave-en-tiempos-de-pandemia\/#breadcrumb","itemListElement":[{"@type":"ListItem","position":1,"name":"Portada","item":"https:\/\/www.campuseducacion.com\/blog\/"},{"@type":"ListItem","position":2,"name":"Las Competencias Clave en tiempos de pandemia"}]},{"@type":"WebSite","@id":"https:\/\/www.campuseducacion.com\/blog\/#website","url":"https:\/\/www.campuseducacion.com\/blog\/","name":"BLOG Noticias Oposiciones y bolsas Trabajo Interinos. Campuseducacion.com","description":"Actualidad en Oposiciones Maestros de Infantil Primaria y Profesores Secundaria","potentialAction":[{"@type":"SearchAction","target":{"@type":"EntryPoint","urlTemplate":"https:\/\/www.campuseducacion.com\/blog\/?s={search_term_string}"},"query-input":{"@type":"PropertyValueSpecification","valueRequired":true,"valueName":"search_term_string"}}],"inLanguage":"es"},{"@type":"Person","@id":"https:\/\/www.campuseducacion.com\/blog\/#\/schema\/person\/446cb81880cf8c6cad378e3c69ed4efc","name":"Carmen Harosa Gonz\u00e1lez-Anleo","image":{"@type":"ImageObject","inLanguage":"es","@id":"https:\/\/www.campuseducacion.com\/blog\/wp-content\/uploads\/2021\/01\/Carmen-Harosa-Gonzalez-Anleo-FOTO.png","url":"https:\/\/www.campuseducacion.com\/blog\/wp-content\/uploads\/2021\/01\/Carmen-Harosa-Gonzalez-Anleo-FOTO.png","contentUrl":"https:\/\/www.campuseducacion.com\/blog\/wp-content\/uploads\/2021\/01\/Carmen-Harosa-Gonzalez-Anleo-FOTO.png","caption":"Carmen Harosa Gonz\u00e1lez-Anleo"},"description":"Licenciada en Psicolog\u00eda y Psicopedagog\u00eda y Graduada en Educaci\u00f3n Primaria en la especialidad de ingl\u00e9s, Carmen es maestra de Primaria de ingl\u00e9s y alem\u00e1n en el CEIP Bachiller Alonso L\u00f3pez (Madrid)","url":"https:\/\/www.campuseducacion.com\/blog\/autores\/carmenharosa\/"}]}},"amp_enabled":true,"_links":{"self":[{"href":"https:\/\/www.campuseducacion.com\/blog\/wp-json\/wp\/v2\/posts\/21854","targetHints":{"allow":["GET"]}}],"collection":[{"href":"https:\/\/www.campuseducacion.com\/blog\/wp-json\/wp\/v2\/posts"}],"about":[{"href":"https:\/\/www.campuseducacion.com\/blog\/wp-json\/wp\/v2\/types\/post"}],"author":[{"embeddable":true,"href":"https:\/\/www.campuseducacion.com\/blog\/wp-json\/wp\/v2\/users\/144"}],"replies":[{"embeddable":true,"href":"https:\/\/www.campuseducacion.com\/blog\/wp-json\/wp\/v2\/comments?post=21854"}],"version-history":[{"count":6,"href":"https:\/\/www.campuseducacion.com\/blog\/wp-json\/wp\/v2\/posts\/21854\/revisions"}],"predecessor-version":[{"id":21894,"href":"https:\/\/www.campuseducacion.com\/blog\/wp-json\/wp\/v2\/posts\/21854\/revisions\/21894"}],"wp:featuredmedia":[{"embeddable":true,"href":"https:\/\/www.campuseducacion.com\/blog\/wp-json\/wp\/v2\/media\/21874"}],"wp:attachment":[{"href":"https:\/\/www.campuseducacion.com\/blog\/wp-json\/wp\/v2\/media?parent=21854"}],"wp:term":[{"taxonomy":"category","embeddable":true,"href":"https:\/\/www.campuseducacion.com\/blog\/wp-json\/wp\/v2\/categories?post=21854"},{"taxonomy":"post_tag","embeddable":true,"href":"https:\/\/www.campuseducacion.com\/blog\/wp-json\/wp\/v2\/tags?post=21854"}],"curies":[{"name":"wp","href":"https:\/\/api.w.org\/{rel}","templated":true}]}}