{"id":22730,"date":"2021-06-09T10:48:05","date_gmt":"2021-06-09T08:48:05","guid":{"rendered":"https:\/\/www.campuseducacion.com\/blog\/?p=22730"},"modified":"2021-06-09T10:48:05","modified_gmt":"2021-06-09T08:48:05","slug":"interinos-aragon-ampliacion-de-listas-del-cuerpo-de-profesores-de-ensenanza-secundaria","status":"publish","type":"post","link":"https:\/\/www.campuseducacion.com\/blog\/bolsas-de-trabajo\/interinos-aragon-ampliacion-de-listas-del-cuerpo-de-profesores-de-ensenanza-secundaria\/","title":{"rendered":"Interinos Arag\u00f3n: Ampliaci\u00f3n de listas del Cuerpo de Profesores de Ense\u00f1anza Secundaria"},"content":{"rendered":"<p>Ampliaci\u00f3n de lista de<strong> Sistemas Electr\u00f3nicos del Cuerpo de Profesores de Ense\u00f1anza Secundaria.\u00a0<\/strong><\/p>\n<span class='bctt-click-to-tweet'><span class='bctt-ctt-text'><a href='https:\/\/x.com\/intent\/tweet?url=https%3A%2F%2Fwww.campuseducacion.com%2Fblog%2Fbolsas-de-trabajo%2Finterinos-aragon-ampliacion-de-listas-del-cuerpo-de-profesores-de-ensenanza-secundaria%2F&#038;text=Ampliaci%C3%B3n%20de%20listas%20del%20Cuerpo%20de%20Profesores%20de%20Ense%C3%B1anza%20Secundaria%20%23InterinosAragon%20&#038;via=Campuseducacion&#038;related=Campuseducacion' target='_blank'rel=\"noopener noreferrer\">Ampliaci\u00f3n de listas del Cuerpo de Profesores de Ense\u00f1anza Secundaria #InterinosAragon  <\/a><\/span><a href='https:\/\/x.com\/intent\/tweet?url=https%3A%2F%2Fwww.campuseducacion.com%2Fblog%2Fbolsas-de-trabajo%2Finterinos-aragon-ampliacion-de-listas-del-cuerpo-de-profesores-de-ensenanza-secundaria%2F&#038;text=Ampliaci%C3%B3n%20de%20listas%20del%20Cuerpo%20de%20Profesores%20de%20Ense%C3%B1anza%20Secundaria%20%23InterinosAragon%20&#038;via=Campuseducacion&#038;related=Campuseducacion' target='_blank' class='bctt-ctt-btn'rel=\"noopener noreferrer\">Compartir en X<\/a><\/span>\n<p>El Departamento de Educaci\u00f3n, Cultura y Deporte de <strong>Arag\u00f3n convoca procedimiento de ampliaci\u00f3n de listas de espera de la especialidad de Sistemas Electr\u00f3nicos<\/strong> del Cuerpo de Profesores de ense\u00f1anza Secundaria\u00a0por el que se establece el r\u00e9gimen de provisi\u00f3n de puestos de trabajo del funcionariado docente no universitario por personal interino en la Comunidad Aut\u00f3noma de Arag\u00f3n.<\/p>\n<ul>\n<li><strong><a href=\"https:\/\/www.campuseducacion.com\/blog\/wp-content\/uploads\/2021\/06\/Anexo-I-Titulaciones.pdf\" target=\"_blank\" rel=\"noopener\">Anexo I Titulaciones<\/a> \u00a0<\/strong><\/li>\n<li><strong><a href=\"https:\/\/www.campuseducacion.com\/blog\/wp-content\/uploads\/2021\/06\/Anexo-II-Prueba.pdf\" target=\"_blank\" rel=\"noopener\">Anexo II Prueba<\/a><\/strong><\/li>\n<li><strong> <a href=\"https:\/\/www.campuseducacion.com\/blog\/wp-content\/uploads\/2021\/06\/Resolucion.pdf\" target=\"_blank\" rel=\"noopener\">Resoluci\u00f3n<\/a><\/strong><\/li>\n<\/ul>\n<p><strong>Plazo de inscripci\u00f3n:<\/strong> del 9 al 13 de junio de 2021.<\/p>\n<p><strong>Fecha examen:<\/strong> 21 de junio de 2021.<\/p>\n\n\n<div class=\"kk-star-ratings kksr-auto kksr-align-left kksr-valign-bottom\"\n    data-payload='{&quot;align&quot;:&quot;left&quot;,&quot;id&quot;:&quot;22730&quot;,&quot;slug&quot;:&quot;default&quot;,&quot;valign&quot;:&quot;bottom&quot;,&quot;ignore&quot;:&quot;&quot;,&quot;reference&quot;:&quot;auto&quot;,&quot;class&quot;:&quot;&quot;,&quot;count&quot;:&quot;0&quot;,&quot;legendonly&quot;:&quot;&quot;,&quot;readonly&quot;:&quot;&quot;,&quot;score&quot;:&quot;0&quot;,&quot;starsonly&quot;:&quot;&quot;,&quot;best&quot;:&quot;5&quot;,&quot;gap&quot;:&quot;5&quot;,&quot;greet&quot;:&quot;&quot;,&quot;legend&quot;:&quot;0\\\/5 - (0 votos)&quot;,&quot;size&quot;:&quot;15&quot;,&quot;title&quot;:&quot;Interinos Arag\u00f3n: Ampliaci\u00f3n de listas del Cuerpo de Profesores de Ense\u00f1anza Secundaria&quot;,&quot;width&quot;:&quot;0&quot;,&quot;_legend&quot;:&quot;{score}\\\/{best} - ({count} {votes})&quot;,&quot;font_factor&quot;:&quot;1.25&quot;}'>\n            \n<div class=\"kksr-stars\">\n    \n<div class=\"kksr-stars-inactive\">\n            <div class=\"kksr-star\" data-star=\"1\" style=\"padding-right: 5px\">\n            \n\n<div class=\"kksr-icon\" style=\"width: 15px; height: 15px;\"><\/div>\n        <\/div>\n            <div class=\"kksr-star\" data-star=\"2\" style=\"padding-right: 5px\">\n            \n\n<div class=\"kksr-icon\" style=\"width: 15px; height: 15px;\"><\/div>\n        <\/div>\n            <div class=\"kksr-star\" data-star=\"3\" style=\"padding-right: 5px\">\n            \n\n<div class=\"kksr-icon\" style=\"width: 15px; height: 15px;\"><\/div>\n        <\/div>\n            <div class=\"kksr-star\" data-star=\"4\" style=\"padding-right: 5px\">\n            \n\n<div class=\"kksr-icon\" style=\"width: 15px; height: 15px;\"><\/div>\n        <\/div>\n            <div class=\"kksr-star\" data-star=\"5\" style=\"padding-right: 5px\">\n            \n\n<div class=\"kksr-icon\" style=\"width: 15px; height: 15px;\"><\/div>\n        <\/div>\n    <\/div>\n    \n<div class=\"kksr-stars-active\" style=\"width: 0px;\">\n            <div class=\"kksr-star\" style=\"padding-right: 5px\">\n            \n\n<div class=\"kksr-icon\" style=\"width: 15px; height: 15px;\"><\/div>\n        <\/div>\n            <div class=\"kksr-star\" style=\"padding-right: 5px\">\n            \n\n<div class=\"kksr-icon\" style=\"width: 15px; height: 15px;\"><\/div>\n        <\/div>\n            <div class=\"kksr-star\" style=\"padding-right: 5px\">\n            \n\n<div class=\"kksr-icon\" style=\"width: 15px; height: 15px;\"><\/div>\n        <\/div>\n            <div class=\"kksr-star\" style=\"padding-right: 5px\">\n            \n\n<div class=\"kksr-icon\" style=\"width: 15px; height: 15px;\"><\/div>\n        <\/div>\n            <div class=\"kksr-star\" style=\"padding-right: 5px\">\n            \n\n<div class=\"kksr-icon\" style=\"width: 15px; height: 15px;\"><\/div>\n        <\/div>\n    <\/div>\n<\/div>\n                \n\n<div class=\"kksr-legend\" style=\"font-size: 12px;\">\n            <span class=\"kksr-muted\"><\/span>\n    <\/div>\n    <\/div>\n","protected":false},"excerpt":{"rendered":"<p>Ampliaci\u00f3n de lista de Sistemas Electr\u00f3nicos del Cuerpo de Profesores de Ense\u00f1anza Secundaria.\u00a0 El Departamento de Educaci\u00f3n, Cultura y Deporte de Arag\u00f3n convoca procedimiento de ampliaci\u00f3n de listas de espera de la especialidad de Sistemas Electr\u00f3nicos del Cuerpo de Profesores de ense\u00f1anza Secundaria\u00a0por el que se establece el r\u00e9gimen de provisi\u00f3n de puestos de trabajo [&hellip;]<\/p>\n","protected":false},"author":138,"featured_media":6221,"comment_status":"closed","ping_status":"closed","sticky":false,"template":"","format":"image","meta":{"tdm_status":"","tdm_grid_status":"","footnotes":""},"categories":[201,199,1],"tags":[],"class_list":{"0":"post-22730","1":"post","2":"type-post","3":"status-publish","4":"format-image","5":"has-post-thumbnail","7":"category-bolsas-aragon","8":"category-bolsas-de-trabajo","9":"category-general","10":"post_format-post-format-image"},"yoast_head":"<!-- This site is optimized with the Yoast SEO plugin v27.4 - https:\/\/yoast.com\/product\/yoast-seo-wordpress\/ -->\n<title>Ampliaci\u00f3n de listas del Cuerpo de Profesores de Ense\u00f1anza Secundaria - Campuseducacion.com<\/title>\n<meta name=\"description\" content=\"Ampliaci\u00f3n de lista de Sistemas Electr\u00f3nicos del Cuerpo de Profesores de Ense\u00f1anza Secundaria.\u00a0 El Departamento de Educaci\u00f3n, Cultura y Deporte de Arag\u00f3n\" \/>\n<meta name=\"robots\" content=\"index, follow, max-snippet:-1, max-image-preview:large, max-video-preview:-1\" \/>\n<link rel=\"canonical\" href=\"https:\/\/www.campuseducacion.com\/blog\/bolsas-de-trabajo\/interinos-aragon-ampliacion-de-listas-del-cuerpo-de-profesores-de-ensenanza-secundaria\/\" \/>\n<meta property=\"og:locale\" content=\"es_ES\" \/>\n<meta property=\"og:type\" content=\"article\" \/>\n<meta property=\"og:title\" content=\"Ampliaci\u00f3n de listas del Cuerpo de Profesores de Ense\u00f1anza Secundaria - Campuseducacion.com\" \/>\n<meta property=\"og:description\" content=\"Ampliaci\u00f3n de lista de Sistemas Electr\u00f3nicos del Cuerpo de Profesores de Ense\u00f1anza Secundaria.\u00a0 El Departamento de Educaci\u00f3n, Cultura y Deporte de Arag\u00f3n\" \/>\n<meta property=\"og:url\" content=\"https:\/\/www.campuseducacion.com\/blog\/bolsas-de-trabajo\/interinos-aragon-ampliacion-de-listas-del-cuerpo-de-profesores-de-ensenanza-secundaria\/\" \/>\n<meta property=\"og:site_name\" content=\"BLOG Noticias Oposiciones y bolsas Trabajo Interinos. Campuseducacion.com\" \/>\n<meta property=\"article:publisher\" content=\"https:\/\/www.facebook.com\/Campuseducacion.es\" \/>\n<meta property=\"article:author\" content=\"https:\/\/www.facebook.com\/Campuseducacion.es\" \/>\n<meta property=\"article:published_time\" content=\"2021-06-09T08:48:05+00:00\" \/>\n<meta property=\"og:image\" content=\"https:\/\/www.campuseducacion.com\/blog\/wp-content\/uploads\/2016\/02\/aragon.jpg\" \/>\n\t<meta property=\"og:image:width\" content=\"1200\" \/>\n\t<meta property=\"og:image:height\" content=\"627\" \/>\n\t<meta property=\"og:image:type\" content=\"image\/jpeg\" \/>\n<meta name=\"author\" content=\"Campuseducacion.com\" \/>\n<meta name=\"twitter:card\" content=\"summary_large_image\" \/>\n<meta name=\"twitter:creator\" content=\"@https:\/\/twitter.com\/Campuseducacion\" \/>\n<meta name=\"twitter:site\" content=\"@Campuseducacion\" \/>\n<meta name=\"twitter:label1\" content=\"Escrito por\" \/>\n\t<meta name=\"twitter:data1\" content=\"Campuseducacion.com\" \/>\n\t<meta name=\"twitter:label2\" content=\"Tiempo de lectura\" \/>\n\t<meta name=\"twitter:data2\" content=\"1 minuto\" \/>\n<script type=\"application\/ld+json\" class=\"yoast-schema-graph\">{\"@context\":\"https:\\\/\\\/schema.org\",\"@graph\":[{\"@type\":\"Article\",\"@id\":\"https:\\\/\\\/www.campuseducacion.com\\\/blog\\\/bolsas-de-trabajo\\\/interinos-aragon-ampliacion-de-listas-del-cuerpo-de-profesores-de-ensenanza-secundaria\\\/#article\",\"isPartOf\":{\"@id\":\"https:\\\/\\\/www.campuseducacion.com\\\/blog\\\/bolsas-de-trabajo\\\/interinos-aragon-ampliacion-de-listas-del-cuerpo-de-profesores-de-ensenanza-secundaria\\\/\"},\"author\":{\"name\":\"Campuseducacion.com\",\"@id\":\"https:\\\/\\\/www.campuseducacion.com\\\/blog\\\/#\\\/schema\\\/person\\\/b142bb7fe885b7ad61b5bfa15e3d26a4\"},\"headline\":\"Interinos Arag\u00f3n: Ampliaci\u00f3n de listas del Cuerpo de Profesores de Ense\u00f1anza Secundaria\",\"datePublished\":\"2021-06-09T08:48:05+00:00\",\"mainEntityOfPage\":{\"@id\":\"https:\\\/\\\/www.campuseducacion.com\\\/blog\\\/bolsas-de-trabajo\\\/interinos-aragon-ampliacion-de-listas-del-cuerpo-de-profesores-de-ensenanza-secundaria\\\/\"},\"wordCount\":136,\"image\":{\"@id\":\"https:\\\/\\\/www.campuseducacion.com\\\/blog\\\/bolsas-de-trabajo\\\/interinos-aragon-ampliacion-de-listas-del-cuerpo-de-profesores-de-ensenanza-secundaria\\\/#primaryimage\"},\"thumbnailUrl\":\"https:\\\/\\\/www.campuseducacion.com\\\/blog\\\/wp-content\\\/uploads\\\/2016\\\/02\\\/aragon.jpg\",\"articleSection\":[\"Bolsas Arag\u00f3n\",\"Bolsas de Trabajo para Interinos Maestros y Profesores\",\"General\"],\"inLanguage\":\"es\"},{\"@type\":\"WebPage\",\"@id\":\"https:\\\/\\\/www.campuseducacion.com\\\/blog\\\/bolsas-de-trabajo\\\/interinos-aragon-ampliacion-de-listas-del-cuerpo-de-profesores-de-ensenanza-secundaria\\\/\",\"url\":\"https:\\\/\\\/www.campuseducacion.com\\\/blog\\\/bolsas-de-trabajo\\\/interinos-aragon-ampliacion-de-listas-del-cuerpo-de-profesores-de-ensenanza-secundaria\\\/\",\"name\":\"Ampliaci\u00f3n de listas del Cuerpo de Profesores de Ense\u00f1anza Secundaria - Campuseducacion.com\",\"isPartOf\":{\"@id\":\"https:\\\/\\\/www.campuseducacion.com\\\/blog\\\/#website\"},\"primaryImageOfPage\":{\"@id\":\"https:\\\/\\\/www.campuseducacion.com\\\/blog\\\/bolsas-de-trabajo\\\/interinos-aragon-ampliacion-de-listas-del-cuerpo-de-profesores-de-ensenanza-secundaria\\\/#primaryimage\"},\"image\":{\"@id\":\"https:\\\/\\\/www.campuseducacion.com\\\/blog\\\/bolsas-de-trabajo\\\/interinos-aragon-ampliacion-de-listas-del-cuerpo-de-profesores-de-ensenanza-secundaria\\\/#primaryimage\"},\"thumbnailUrl\":\"https:\\\/\\\/www.campuseducacion.com\\\/blog\\\/wp-content\\\/uploads\\\/2016\\\/02\\\/aragon.jpg\",\"datePublished\":\"2021-06-09T08:48:05+00:00\",\"author\":{\"@id\":\"https:\\\/\\\/www.campuseducacion.com\\\/blog\\\/#\\\/schema\\\/person\\\/b142bb7fe885b7ad61b5bfa15e3d26a4\"},\"description\":\"Ampliaci\u00f3n de lista de Sistemas Electr\u00f3nicos del Cuerpo de Profesores de Ense\u00f1anza Secundaria.\u00a0 El Departamento de Educaci\u00f3n, Cultura y Deporte de Arag\u00f3n\",\"breadcrumb\":{\"@id\":\"https:\\\/\\\/www.campuseducacion.com\\\/blog\\\/bolsas-de-trabajo\\\/interinos-aragon-ampliacion-de-listas-del-cuerpo-de-profesores-de-ensenanza-secundaria\\\/#breadcrumb\"},\"inLanguage\":\"es\",\"potentialAction\":[{\"@type\":\"ReadAction\",\"target\":[\"https:\\\/\\\/www.campuseducacion.com\\\/blog\\\/bolsas-de-trabajo\\\/interinos-aragon-ampliacion-de-listas-del-cuerpo-de-profesores-de-ensenanza-secundaria\\\/\"]}]},{\"@type\":\"ImageObject\",\"inLanguage\":\"es\",\"@id\":\"https:\\\/\\\/www.campuseducacion.com\\\/blog\\\/bolsas-de-trabajo\\\/interinos-aragon-ampliacion-de-listas-del-cuerpo-de-profesores-de-ensenanza-secundaria\\\/#primaryimage\",\"url\":\"https:\\\/\\\/www.campuseducacion.com\\\/blog\\\/wp-content\\\/uploads\\\/2016\\\/02\\\/aragon.jpg\",\"contentUrl\":\"https:\\\/\\\/www.campuseducacion.com\\\/blog\\\/wp-content\\\/uploads\\\/2016\\\/02\\\/aragon.jpg\",\"width\":1200,\"height\":627,\"caption\":\"bandera arag\u00f3n\"},{\"@type\":\"BreadcrumbList\",\"@id\":\"https:\\\/\\\/www.campuseducacion.com\\\/blog\\\/bolsas-de-trabajo\\\/interinos-aragon-ampliacion-de-listas-del-cuerpo-de-profesores-de-ensenanza-secundaria\\\/#breadcrumb\",\"itemListElement\":[{\"@type\":\"ListItem\",\"position\":1,\"name\":\"Portada\",\"item\":\"https:\\\/\\\/www.campuseducacion.com\\\/blog\\\/\"},{\"@type\":\"ListItem\",\"position\":2,\"name\":\"Interinos Arag\u00f3n: Ampliaci\u00f3n de listas del Cuerpo de Profesores de Ense\u00f1anza Secundaria\"}]},{\"@type\":\"WebSite\",\"@id\":\"https:\\\/\\\/www.campuseducacion.com\\\/blog\\\/#website\",\"url\":\"https:\\\/\\\/www.campuseducacion.com\\\/blog\\\/\",\"name\":\"BLOG Noticias Oposiciones y bolsas Trabajo Interinos. Campuseducacion.com\",\"description\":\"Actualidad en Oposiciones Maestros de Infantil Primaria y Profesores Secundaria\",\"potentialAction\":[{\"@type\":\"SearchAction\",\"target\":{\"@type\":\"EntryPoint\",\"urlTemplate\":\"https:\\\/\\\/www.campuseducacion.com\\\/blog\\\/?s={search_term_string}\"},\"query-input\":{\"@type\":\"PropertyValueSpecification\",\"valueRequired\":true,\"valueName\":\"search_term_string\"}}],\"inLanguage\":\"es\"},{\"@type\":\"Person\",\"@id\":\"https:\\\/\\\/www.campuseducacion.com\\\/blog\\\/#\\\/schema\\\/person\\\/b142bb7fe885b7ad61b5bfa15e3d26a4\",\"name\":\"Campuseducacion.com\",\"image\":{\"@type\":\"ImageObject\",\"inLanguage\":\"es\",\"@id\":\"https:\\\/\\\/www.campuseducacion.com\\\/blog\\\/wp-content\\\/uploads\\\/2018\\\/05\\\/Ced.png\",\"url\":\"https:\\\/\\\/www.campuseducacion.com\\\/blog\\\/wp-content\\\/uploads\\\/2018\\\/05\\\/Ced.png\",\"contentUrl\":\"https:\\\/\\\/www.campuseducacion.com\\\/blog\\\/wp-content\\\/uploads\\\/2018\\\/05\\\/Ced.png\",\"caption\":\"Campuseducacion.com\"},\"description\":\"Campuseducacion.com te ofrece una amplia oferta en cursos homologados a distancia on-line para Oposiciones: cursos v\u00e1lidos para m\u00e9ritos en las Oposiciones de Maestros en Educaci\u00f3n Infantil y Primaria, y Profesores de Educaci\u00f3n Secundaria. Completa tu formaci\u00f3n Tambi\u00e9n para Sexenios y Concurso General de Traslados. Ahora puedes realizar formaci\u00f3n de postgrado para el profesorado con nuestros M\u00e1steres Oficiales Universitarios (1 punto para oposiciones y 3 puntos en Concurso General de Traslados). Consigue importantes descuentos con Campuseducacion.com en tu formaci\u00f3n homologada: 30% para afiliados a ANPE en cursos a distancia.\",\"sameAs\":[\"https:\\\/\\\/www.campuseducacion.com\",\"https:\\\/\\\/www.facebook.com\\\/Campuseducacion.es\",\"https:\\\/\\\/x.com\\\/https:\\\/\\\/twitter.com\\\/Campuseducacion\"],\"url\":\"https:\\\/\\\/www.campuseducacion.com\\\/blog\\\/autores\\\/elenaced\\\/\"}]}<\/script>\n<!-- \/ Yoast SEO plugin. -->","yoast_head_json":{"title":"Ampliaci\u00f3n de listas del Cuerpo de Profesores de Ense\u00f1anza Secundaria - Campuseducacion.com","description":"Ampliaci\u00f3n de lista de Sistemas Electr\u00f3nicos del Cuerpo de Profesores de Ense\u00f1anza Secundaria.\u00a0 El Departamento de Educaci\u00f3n, Cultura y Deporte de Arag\u00f3n","robots":{"index":"index","follow":"follow","max-snippet":"max-snippet:-1","max-image-preview":"max-image-preview:large","max-video-preview":"max-video-preview:-1"},"canonical":"https:\/\/www.campuseducacion.com\/blog\/bolsas-de-trabajo\/interinos-aragon-ampliacion-de-listas-del-cuerpo-de-profesores-de-ensenanza-secundaria\/","og_locale":"es_ES","og_type":"article","og_title":"Ampliaci\u00f3n de listas del Cuerpo de Profesores de Ense\u00f1anza Secundaria - Campuseducacion.com","og_description":"Ampliaci\u00f3n de lista de Sistemas Electr\u00f3nicos del Cuerpo de Profesores de Ense\u00f1anza Secundaria.\u00a0 El Departamento de Educaci\u00f3n, Cultura y Deporte de Arag\u00f3n","og_url":"https:\/\/www.campuseducacion.com\/blog\/bolsas-de-trabajo\/interinos-aragon-ampliacion-de-listas-del-cuerpo-de-profesores-de-ensenanza-secundaria\/","og_site_name":"BLOG Noticias Oposiciones y bolsas Trabajo Interinos. Campuseducacion.com","article_publisher":"https:\/\/www.facebook.com\/Campuseducacion.es","article_author":"https:\/\/www.facebook.com\/Campuseducacion.es","article_published_time":"2021-06-09T08:48:05+00:00","og_image":[{"width":1200,"height":627,"url":"https:\/\/www.campuseducacion.com\/blog\/wp-content\/uploads\/2016\/02\/aragon.jpg","type":"image\/jpeg"}],"author":"Campuseducacion.com","twitter_card":"summary_large_image","twitter_creator":"@https:\/\/twitter.com\/Campuseducacion","twitter_site":"@Campuseducacion","twitter_misc":{"Escrito por":"Campuseducacion.com","Tiempo de lectura":"1 minuto"},"schema":{"@context":"https:\/\/schema.org","@graph":[{"@type":"Article","@id":"https:\/\/www.campuseducacion.com\/blog\/bolsas-de-trabajo\/interinos-aragon-ampliacion-de-listas-del-cuerpo-de-profesores-de-ensenanza-secundaria\/#article","isPartOf":{"@id":"https:\/\/www.campuseducacion.com\/blog\/bolsas-de-trabajo\/interinos-aragon-ampliacion-de-listas-del-cuerpo-de-profesores-de-ensenanza-secundaria\/"},"author":{"name":"Campuseducacion.com","@id":"https:\/\/www.campuseducacion.com\/blog\/#\/schema\/person\/b142bb7fe885b7ad61b5bfa15e3d26a4"},"headline":"Interinos Arag\u00f3n: Ampliaci\u00f3n de listas del Cuerpo de Profesores de Ense\u00f1anza Secundaria","datePublished":"2021-06-09T08:48:05+00:00","mainEntityOfPage":{"@id":"https:\/\/www.campuseducacion.com\/blog\/bolsas-de-trabajo\/interinos-aragon-ampliacion-de-listas-del-cuerpo-de-profesores-de-ensenanza-secundaria\/"},"wordCount":136,"image":{"@id":"https:\/\/www.campuseducacion.com\/blog\/bolsas-de-trabajo\/interinos-aragon-ampliacion-de-listas-del-cuerpo-de-profesores-de-ensenanza-secundaria\/#primaryimage"},"thumbnailUrl":"https:\/\/www.campuseducacion.com\/blog\/wp-content\/uploads\/2016\/02\/aragon.jpg","articleSection":["Bolsas Arag\u00f3n","Bolsas de Trabajo para Interinos Maestros y Profesores","General"],"inLanguage":"es"},{"@type":"WebPage","@id":"https:\/\/www.campuseducacion.com\/blog\/bolsas-de-trabajo\/interinos-aragon-ampliacion-de-listas-del-cuerpo-de-profesores-de-ensenanza-secundaria\/","url":"https:\/\/www.campuseducacion.com\/blog\/bolsas-de-trabajo\/interinos-aragon-ampliacion-de-listas-del-cuerpo-de-profesores-de-ensenanza-secundaria\/","name":"Ampliaci\u00f3n de listas del Cuerpo de Profesores de Ense\u00f1anza Secundaria - Campuseducacion.com","isPartOf":{"@id":"https:\/\/www.campuseducacion.com\/blog\/#website"},"primaryImageOfPage":{"@id":"https:\/\/www.campuseducacion.com\/blog\/bolsas-de-trabajo\/interinos-aragon-ampliacion-de-listas-del-cuerpo-de-profesores-de-ensenanza-secundaria\/#primaryimage"},"image":{"@id":"https:\/\/www.campuseducacion.com\/blog\/bolsas-de-trabajo\/interinos-aragon-ampliacion-de-listas-del-cuerpo-de-profesores-de-ensenanza-secundaria\/#primaryimage"},"thumbnailUrl":"https:\/\/www.campuseducacion.com\/blog\/wp-content\/uploads\/2016\/02\/aragon.jpg","datePublished":"2021-06-09T08:48:05+00:00","author":{"@id":"https:\/\/www.campuseducacion.com\/blog\/#\/schema\/person\/b142bb7fe885b7ad61b5bfa15e3d26a4"},"description":"Ampliaci\u00f3n de lista de Sistemas Electr\u00f3nicos del Cuerpo de Profesores de Ense\u00f1anza Secundaria.\u00a0 El Departamento de Educaci\u00f3n, Cultura y Deporte de Arag\u00f3n","breadcrumb":{"@id":"https:\/\/www.campuseducacion.com\/blog\/bolsas-de-trabajo\/interinos-aragon-ampliacion-de-listas-del-cuerpo-de-profesores-de-ensenanza-secundaria\/#breadcrumb"},"inLanguage":"es","potentialAction":[{"@type":"ReadAction","target":["https:\/\/www.campuseducacion.com\/blog\/bolsas-de-trabajo\/interinos-aragon-ampliacion-de-listas-del-cuerpo-de-profesores-de-ensenanza-secundaria\/"]}]},{"@type":"ImageObject","inLanguage":"es","@id":"https:\/\/www.campuseducacion.com\/blog\/bolsas-de-trabajo\/interinos-aragon-ampliacion-de-listas-del-cuerpo-de-profesores-de-ensenanza-secundaria\/#primaryimage","url":"https:\/\/www.campuseducacion.com\/blog\/wp-content\/uploads\/2016\/02\/aragon.jpg","contentUrl":"https:\/\/www.campuseducacion.com\/blog\/wp-content\/uploads\/2016\/02\/aragon.jpg","width":1200,"height":627,"caption":"bandera arag\u00f3n"},{"@type":"BreadcrumbList","@id":"https:\/\/www.campuseducacion.com\/blog\/bolsas-de-trabajo\/interinos-aragon-ampliacion-de-listas-del-cuerpo-de-profesores-de-ensenanza-secundaria\/#breadcrumb","itemListElement":[{"@type":"ListItem","position":1,"name":"Portada","item":"https:\/\/www.campuseducacion.com\/blog\/"},{"@type":"ListItem","position":2,"name":"Interinos Arag\u00f3n: Ampliaci\u00f3n de listas del Cuerpo de Profesores de Ense\u00f1anza Secundaria"}]},{"@type":"WebSite","@id":"https:\/\/www.campuseducacion.com\/blog\/#website","url":"https:\/\/www.campuseducacion.com\/blog\/","name":"BLOG Noticias Oposiciones y bolsas Trabajo Interinos. Campuseducacion.com","description":"Actualidad en Oposiciones Maestros de Infantil Primaria y Profesores Secundaria","potentialAction":[{"@type":"SearchAction","target":{"@type":"EntryPoint","urlTemplate":"https:\/\/www.campuseducacion.com\/blog\/?s={search_term_string}"},"query-input":{"@type":"PropertyValueSpecification","valueRequired":true,"valueName":"search_term_string"}}],"inLanguage":"es"},{"@type":"Person","@id":"https:\/\/www.campuseducacion.com\/blog\/#\/schema\/person\/b142bb7fe885b7ad61b5bfa15e3d26a4","name":"Campuseducacion.com","image":{"@type":"ImageObject","inLanguage":"es","@id":"https:\/\/www.campuseducacion.com\/blog\/wp-content\/uploads\/2018\/05\/Ced.png","url":"https:\/\/www.campuseducacion.com\/blog\/wp-content\/uploads\/2018\/05\/Ced.png","contentUrl":"https:\/\/www.campuseducacion.com\/blog\/wp-content\/uploads\/2018\/05\/Ced.png","caption":"Campuseducacion.com"},"description":"Campuseducacion.com te ofrece una amplia oferta en cursos homologados a distancia on-line para Oposiciones: cursos v\u00e1lidos para m\u00e9ritos en las Oposiciones de Maestros en Educaci\u00f3n Infantil y Primaria, y Profesores de Educaci\u00f3n Secundaria. Completa tu formaci\u00f3n Tambi\u00e9n para Sexenios y Concurso General de Traslados. Ahora puedes realizar formaci\u00f3n de postgrado para el profesorado con nuestros M\u00e1steres Oficiales Universitarios (1 punto para oposiciones y 3 puntos en Concurso General de Traslados). Consigue importantes descuentos con Campuseducacion.com en tu formaci\u00f3n homologada: 30% para afiliados a ANPE en cursos a distancia.","sameAs":["https:\/\/www.campuseducacion.com","https:\/\/www.facebook.com\/Campuseducacion.es","https:\/\/x.com\/https:\/\/twitter.com\/Campuseducacion"],"url":"https:\/\/www.campuseducacion.com\/blog\/autores\/elenaced\/"}]}},"amp_enabled":true,"_links":{"self":[{"href":"https:\/\/www.campuseducacion.com\/blog\/wp-json\/wp\/v2\/posts\/22730","targetHints":{"allow":["GET"]}}],"collection":[{"href":"https:\/\/www.campuseducacion.com\/blog\/wp-json\/wp\/v2\/posts"}],"about":[{"href":"https:\/\/www.campuseducacion.com\/blog\/wp-json\/wp\/v2\/types\/post"}],"author":[{"embeddable":true,"href":"https:\/\/www.campuseducacion.com\/blog\/wp-json\/wp\/v2\/users\/138"}],"replies":[{"embeddable":true,"href":"https:\/\/www.campuseducacion.com\/blog\/wp-json\/wp\/v2\/comments?post=22730"}],"version-history":[{"count":1,"href":"https:\/\/www.campuseducacion.com\/blog\/wp-json\/wp\/v2\/posts\/22730\/revisions"}],"predecessor-version":[{"id":22735,"href":"https:\/\/www.campuseducacion.com\/blog\/wp-json\/wp\/v2\/posts\/22730\/revisions\/22735"}],"wp:featuredmedia":[{"embeddable":true,"href":"https:\/\/www.campuseducacion.com\/blog\/wp-json\/wp\/v2\/media\/6221"}],"wp:attachment":[{"href":"https:\/\/www.campuseducacion.com\/blog\/wp-json\/wp\/v2\/media?parent=22730"}],"wp:term":[{"taxonomy":"category","embeddable":true,"href":"https:\/\/www.campuseducacion.com\/blog\/wp-json\/wp\/v2\/categories?post=22730"},{"taxonomy":"post_tag","embeddable":true,"href":"https:\/\/www.campuseducacion.com\/blog\/wp-json\/wp\/v2\/tags?post=22730"}],"curies":[{"name":"wp","href":"https:\/\/api.w.org\/{rel}","templated":true}]}}