{"id":5231,"date":"2015-04-13T11:06:28","date_gmt":"2015-04-13T09:06:28","guid":{"rendered":"http:\/\/www.campuseducacion.com\/oposiciones\/?p=5231"},"modified":"2018-12-20T20:14:10","modified_gmt":"2018-12-20T19:14:10","slug":"oposiciones-2015-la-rioja-publicada-convocatoria-de-educacion-secundaria","status":"publish","type":"post","link":"https:\/\/www.campuseducacion.com\/blog\/oposiciones\/comunidades\/la-rioja\/oposiciones-2015-la-rioja-publicada-convocatoria-de-educacion-secundaria\/","title":{"rendered":"Oposiciones 2015 La Rioja: PUBLICADA CONVOCATORIA de Educaci\u00f3n Secundaria."},"content":{"rendered":"<p><strong>Oposiciones 2015<\/strong> en la Comunidad de <strong>La Rioja: PUBLICADA CONVOCATORIA<\/strong> de Educaci\u00f3n Secundaria.<!--more--><\/p>\n<p><strong><a title=\"Esta p\u00e1gina se abre en nueva ventana\" href=\"http:\/\/ias1.larioja.org\/boletin\/Bor_Boletin_visor_Servlet?referencia=2186997-1-PDF-491334\" target=\"_blank\" rel=\"nofollow\">Resoluci\u00f3n de 7 de abril de 2015<\/a><\/strong>, del consejero de Educaci\u00f3n, Cultura y Turismo, por la que se convoca procedimiento selectivo para el ingreso y accesos al cuerpo de Profesores de Ense\u00f1anza Secundaria y procedimiento para la adquisici\u00f3n de nuevas especialidades por los funcionarios del mencionado cuerpo.\u00a0<em>(10\/04\/2015).<\/em><\/p>\n<p><strong>Plazo de presentaci\u00f3n de solicitudes<\/strong>: Del\u00a0<strong>11 al 30 de abril de 2015<\/strong>, ambos inclusive.<\/p>\n<p>De conformidad con la convocatoria las solicitudes de participaci\u00f3n y la alegaci\u00f3n de m\u00e9ritos deben realizarse a trav\u00e9s del Registro Electr\u00f3nico de la Comunidad Aut\u00f3noma de La Rioja.<\/p>\n<div id=\"container886334\" class=\"tcomponente\">\n<div id=\"display886334\" class=\"tdivmiddlezone\">\n<div class=\"tdivmiddlezonedcha\">\n<div class=\"html\">\n<div class=\"caja\">\n<div class=\"bordefondogris\">\n<div class=\"textocaja\">\n<ul>\n<li>\n<h6><a title=\"Esta p\u00e1gina se abre en nueva ventana\" href=\"https:\/\/ias1.larioja.org\/emp\/portal\/oferta.jsp?_idClave=2015%7CEDD%7CEMPLE&amp;_estructura=08016\" target=\"_blank\" rel=\"nofollow\">Presentaci\u00f3n de solicitud:\u00a0<\/a><strong>Turno libre, reserva de discapacitados y promoci\u00f3n interna (Accesos 1, 2 y 3)<\/strong><\/h6>\n<\/li>\n<li>\n<h6><a title=\"Esta p\u00e1gina se abre en nueva ventana\" href=\"https:\/\/ias1.larioja.org\/emp\/portal\/oferta.jsp?_idClave=2015%7CEDD%7CACCESO5&amp;_estructura=08016\" target=\"_blank\" rel=\"nofollow\">Presentaci\u00f3n de solicitud:<\/a><strong>\u00a0Adquisici\u00f3n de nueva especialidad (Acceso 5)<\/strong><\/h6>\n<\/li>\n<li>\n<h6><strong><a title=\"Esta p\u00e1gina se abre en nueva ventana\" href=\"https:\/\/ias1.larioja.org\/oepe2013\/oepe2013\/rebaremacion\" target=\"_blank\" rel=\"nofollow\">Solicitud de valoraci\u00f3n de m\u00e9ritos para los integrantes de la lista de interinos que no se presentan a la oposici\u00f3n<\/a><\/strong><\/h6>\n<\/li>\n<\/ul>\n<\/div>\n<\/div>\n<\/div>\n<\/div>\n<\/div>\n<\/div>\n<div class=\"tdivbottomzone\">\n<div class=\"tdivbottomzonebarra\">M\u00e1s informaci\u00f3n:<\/div>\n<\/div>\n<\/div>\n<div id=\"container886336\" class=\"tcomponente\">\n<div id=\"display886336\" class=\"tdivmiddlezone\">\n<div class=\"tdivmiddlezonedcha\">\n<div class=\"html\">\n<div class=\"caja\">\n<div class=\"bordegris\">\n<div class=\"textocaja\">\n<ul>\n<li><a href=\"http:\/\/www.larioja.org\/npRioja\/components\/ged\/tools\/dlg\/dlg_opendocument.jsp?Download=false&amp;IdDoc=886421&amp;IdGed=25264\" target=\"_blank\" rel=\"nofollow\">Instrucciones para realizar la solicitud de ingreso<\/a><\/li>\n<li><a href=\"http:\/\/www.larioja.org\/npRioja\/components\/ged\/tools\/dlg\/dlg_opendocument.jsp?Download=false&amp;IdDoc=886420&amp;IdGed=25264\" target=\"_blank\" rel=\"nofollow\">Instrucciones para realizar la solicitud de adquisici\u00f3n de nueva especialidad<\/a><\/li>\n<li><a href=\"http:\/\/www.larioja.org\/npRioja\/default\/defaultpage.jsp?idtab=886312&amp;IdDoc=886309\" target=\"_blank\" rel=\"nofollow\">Preguntas frecuentes<\/a><\/li>\n<li><a href=\"http:\/\/www.larioja.org\/carpetaciudadano\" target=\"_blank\" rel=\"nofollow\">Consulta de los env\u00edos realizados<\/a><\/li>\n<\/ul>\n<\/div>\n<\/div>\n<\/div>\n<\/div>\n<\/div>\n<\/div>\n<\/div>\n\n\n<div class=\"kk-star-ratings kksr-auto kksr-align-left kksr-valign-bottom\"\n    data-payload='{&quot;align&quot;:&quot;left&quot;,&quot;id&quot;:&quot;5231&quot;,&quot;slug&quot;:&quot;default&quot;,&quot;valign&quot;:&quot;bottom&quot;,&quot;ignore&quot;:&quot;&quot;,&quot;reference&quot;:&quot;auto&quot;,&quot;class&quot;:&quot;&quot;,&quot;count&quot;:&quot;62&quot;,&quot;legendonly&quot;:&quot;&quot;,&quot;readonly&quot;:&quot;&quot;,&quot;score&quot;:&quot;4.8&quot;,&quot;starsonly&quot;:&quot;&quot;,&quot;best&quot;:&quot;5&quot;,&quot;gap&quot;:&quot;5&quot;,&quot;greet&quot;:&quot;&quot;,&quot;legend&quot;:&quot;4.8\\\/5 - (62 votos)&quot;,&quot;size&quot;:&quot;15&quot;,&quot;title&quot;:&quot;Oposiciones 2015 La Rioja: PUBLICADA CONVOCATORIA de Educaci\u00f3n Secundaria.&quot;,&quot;width&quot;:&quot;93.5&quot;,&quot;_legend&quot;:&quot;{score}\\\/{best} - ({count} {votes})&quot;,&quot;font_factor&quot;:&quot;1.25&quot;}'>\n            \n<div class=\"kksr-stars\">\n    \n<div class=\"kksr-stars-inactive\">\n            <div class=\"kksr-star\" data-star=\"1\" style=\"padding-right: 5px\">\n            \n\n<div class=\"kksr-icon\" style=\"width: 15px; height: 15px;\"><\/div>\n        <\/div>\n            <div class=\"kksr-star\" data-star=\"2\" style=\"padding-right: 5px\">\n            \n\n<div class=\"kksr-icon\" style=\"width: 15px; height: 15px;\"><\/div>\n        <\/div>\n            <div class=\"kksr-star\" data-star=\"3\" style=\"padding-right: 5px\">\n            \n\n<div class=\"kksr-icon\" style=\"width: 15px; height: 15px;\"><\/div>\n        <\/div>\n            <div class=\"kksr-star\" data-star=\"4\" style=\"padding-right: 5px\">\n            \n\n<div class=\"kksr-icon\" style=\"width: 15px; height: 15px;\"><\/div>\n        <\/div>\n            <div class=\"kksr-star\" data-star=\"5\" style=\"padding-right: 5px\">\n            \n\n<div class=\"kksr-icon\" style=\"width: 15px; height: 15px;\"><\/div>\n        <\/div>\n    <\/div>\n    \n<div class=\"kksr-stars-active\" style=\"width: 93.5px;\">\n            <div class=\"kksr-star\" style=\"padding-right: 5px\">\n            \n\n<div class=\"kksr-icon\" style=\"width: 15px; height: 15px;\"><\/div>\n        <\/div>\n            <div class=\"kksr-star\" style=\"padding-right: 5px\">\n            \n\n<div class=\"kksr-icon\" style=\"width: 15px; height: 15px;\"><\/div>\n        <\/div>\n            <div class=\"kksr-star\" style=\"padding-right: 5px\">\n            \n\n<div class=\"kksr-icon\" style=\"width: 15px; height: 15px;\"><\/div>\n        <\/div>\n            <div class=\"kksr-star\" style=\"padding-right: 5px\">\n            \n\n<div class=\"kksr-icon\" style=\"width: 15px; height: 15px;\"><\/div>\n        <\/div>\n            <div class=\"kksr-star\" style=\"padding-right: 5px\">\n            \n\n<div class=\"kksr-icon\" style=\"width: 15px; height: 15px;\"><\/div>\n        <\/div>\n    <\/div>\n<\/div>\n                \n\n<div class=\"kksr-legend\" style=\"font-size: 12px;\">\n            4.8\/5 - (62 votos)    <\/div>\n    <\/div>\n","protected":false},"excerpt":{"rendered":"<p>Oposiciones 2015 en la Comunidad de La Rioja: PUBLICADA CONVOCATORIA de Educaci\u00f3n Secundaria.<\/p>\n","protected":false},"author":2,"featured_media":6108,"comment_status":"open","ping_status":"open","sticky":false,"template":"","format":"standard","meta":{"tdm_status":"","tdm_grid_status":"","footnotes":""},"categories":[607,47,18,22,609],"tags":[490,298],"class_list":{"0":"post-5231","1":"post","2":"type-post","3":"status-publish","4":"format-standard","5":"has-post-thumbnail","7":"category-convocatorias-2015","8":"category-oposiciones","9":"category-la-rioja","10":"category-secundaria","11":"category-oposiciones-secundaria-2015","12":"tag-oferta-de-empleo-publico","13":"tag-plazas"},"yoast_head":"<!-- This site is optimized with the Yoast SEO plugin v27.4 - https:\/\/yoast.com\/product\/yoast-seo-wordpress\/ -->\n<title>Oposiciones 2015 La Rioja: PUBLICADA CONVOCATORIA de Educaci\u00f3n Secundaria. - Campuseducacion.com<\/title>\n<meta name=\"description\" content=\"Oposiciones 2015 en la Comunidad de La Rioja: PUBLICADA CONVOCATORIA de Educaci\u00f3n Secundaria. Resoluci\u00f3n de 7 de abril de 2015, del consejero de\" \/>\n<meta name=\"robots\" content=\"index, follow, max-snippet:-1, max-image-preview:large, max-video-preview:-1\" \/>\n<link rel=\"canonical\" href=\"https:\/\/www.campuseducacion.com\/blog\/oposiciones\/comunidades\/la-rioja\/oposiciones-2015-la-rioja-publicada-convocatoria-de-educacion-secundaria\/\" \/>\n<meta property=\"og:locale\" content=\"es_ES\" \/>\n<meta property=\"og:type\" content=\"article\" \/>\n<meta property=\"og:title\" content=\"Oposiciones 2015 La Rioja: PUBLICADA CONVOCATORIA de Educaci\u00f3n Secundaria. - Campuseducacion.com\" \/>\n<meta property=\"og:description\" content=\"Oposiciones 2015 en la Comunidad de La Rioja: PUBLICADA CONVOCATORIA de Educaci\u00f3n Secundaria. Resoluci\u00f3n de 7 de abril de 2015, del consejero de\" \/>\n<meta property=\"og:url\" content=\"https:\/\/www.campuseducacion.com\/blog\/oposiciones\/comunidades\/la-rioja\/oposiciones-2015-la-rioja-publicada-convocatoria-de-educacion-secundaria\/\" \/>\n<meta property=\"og:site_name\" content=\"BLOG Noticias Oposiciones y bolsas Trabajo Interinos. Campuseducacion.com\" \/>\n<meta property=\"article:publisher\" content=\"https:\/\/www.facebook.com\/Campuseducacion.es\" \/>\n<meta property=\"article:author\" content=\"https:\/\/www.facebook.com\/Campuseducacion.es\" \/>\n<meta property=\"article:published_time\" content=\"2015-04-13T09:06:28+00:00\" \/>\n<meta property=\"article:modified_time\" content=\"2018-12-20T19:14:10+00:00\" \/>\n<meta property=\"og:image\" content=\"https:\/\/www.campuseducacion.com\/blog\/wp-content\/uploads\/2016\/02\/10-la-rioja-1.jpg\" \/>\n\t<meta property=\"og:image:width\" content=\"1200\" \/>\n\t<meta property=\"og:image:height\" content=\"627\" \/>\n\t<meta property=\"og:image:type\" content=\"image\/jpeg\" \/>\n<meta name=\"author\" content=\"Campuseducacion.com\" \/>\n<meta name=\"twitter:card\" content=\"summary_large_image\" \/>\n<meta name=\"twitter:creator\" content=\"@https:\/\/twitter.com\/Campuseducacion\" \/>\n<meta name=\"twitter:site\" content=\"@Campuseducacion\" \/>\n<meta name=\"twitter:label1\" content=\"Escrito por\" \/>\n\t<meta name=\"twitter:data1\" content=\"Campuseducacion.com\" \/>\n\t<meta name=\"twitter:label2\" content=\"Tiempo de lectura\" \/>\n\t<meta name=\"twitter:data2\" content=\"1 minuto\" \/>\n<script type=\"application\/ld+json\" class=\"yoast-schema-graph\">{\"@context\":\"https:\\\/\\\/schema.org\",\"@graph\":[{\"@type\":\"Article\",\"@id\":\"https:\\\/\\\/www.campuseducacion.com\\\/blog\\\/oposiciones\\\/comunidades\\\/la-rioja\\\/oposiciones-2015-la-rioja-publicada-convocatoria-de-educacion-secundaria\\\/#article\",\"isPartOf\":{\"@id\":\"https:\\\/\\\/www.campuseducacion.com\\\/blog\\\/oposiciones\\\/comunidades\\\/la-rioja\\\/oposiciones-2015-la-rioja-publicada-convocatoria-de-educacion-secundaria\\\/\"},\"author\":{\"name\":\"Campuseducacion.com\",\"@id\":\"https:\\\/\\\/www.campuseducacion.com\\\/blog\\\/#\\\/schema\\\/person\\\/62fa9d1bd01a38844a0fea68cbbc9f3f\"},\"headline\":\"Oposiciones 2015 La Rioja: PUBLICADA CONVOCATORIA de Educaci\u00f3n Secundaria.\",\"datePublished\":\"2015-04-13T09:06:28+00:00\",\"dateModified\":\"2018-12-20T19:14:10+00:00\",\"mainEntityOfPage\":{\"@id\":\"https:\\\/\\\/www.campuseducacion.com\\\/blog\\\/oposiciones\\\/comunidades\\\/la-rioja\\\/oposiciones-2015-la-rioja-publicada-convocatoria-de-educacion-secundaria\\\/\"},\"wordCount\":196,\"commentCount\":0,\"image\":{\"@id\":\"https:\\\/\\\/www.campuseducacion.com\\\/blog\\\/oposiciones\\\/comunidades\\\/la-rioja\\\/oposiciones-2015-la-rioja-publicada-convocatoria-de-educacion-secundaria\\\/#primaryimage\"},\"thumbnailUrl\":\"https:\\\/\\\/www.campuseducacion.com\\\/blog\\\/wp-content\\\/uploads\\\/2016\\\/02\\\/10-la-rioja-1.jpg\",\"keywords\":[\"oferta de empleo p\u00fablico\",\"plazas\"],\"articleSection\":[\"Convocatorias 2015\",\"Noticias OPOSICIONES de Maestros y Profesores\",\"Oposiciones La Rioja\",\"Oposiciones Secundaria\",\"Oposiciones Secundaria 2015\"],\"inLanguage\":\"es\",\"potentialAction\":[{\"@type\":\"CommentAction\",\"name\":\"Comment\",\"target\":[\"https:\\\/\\\/www.campuseducacion.com\\\/blog\\\/oposiciones\\\/comunidades\\\/la-rioja\\\/oposiciones-2015-la-rioja-publicada-convocatoria-de-educacion-secundaria\\\/#respond\"]}]},{\"@type\":\"WebPage\",\"@id\":\"https:\\\/\\\/www.campuseducacion.com\\\/blog\\\/oposiciones\\\/comunidades\\\/la-rioja\\\/oposiciones-2015-la-rioja-publicada-convocatoria-de-educacion-secundaria\\\/\",\"url\":\"https:\\\/\\\/www.campuseducacion.com\\\/blog\\\/oposiciones\\\/comunidades\\\/la-rioja\\\/oposiciones-2015-la-rioja-publicada-convocatoria-de-educacion-secundaria\\\/\",\"name\":\"Oposiciones 2015 La Rioja: PUBLICADA CONVOCATORIA de Educaci\u00f3n Secundaria. - Campuseducacion.com\",\"isPartOf\":{\"@id\":\"https:\\\/\\\/www.campuseducacion.com\\\/blog\\\/#website\"},\"primaryImageOfPage\":{\"@id\":\"https:\\\/\\\/www.campuseducacion.com\\\/blog\\\/oposiciones\\\/comunidades\\\/la-rioja\\\/oposiciones-2015-la-rioja-publicada-convocatoria-de-educacion-secundaria\\\/#primaryimage\"},\"image\":{\"@id\":\"https:\\\/\\\/www.campuseducacion.com\\\/blog\\\/oposiciones\\\/comunidades\\\/la-rioja\\\/oposiciones-2015-la-rioja-publicada-convocatoria-de-educacion-secundaria\\\/#primaryimage\"},\"thumbnailUrl\":\"https:\\\/\\\/www.campuseducacion.com\\\/blog\\\/wp-content\\\/uploads\\\/2016\\\/02\\\/10-la-rioja-1.jpg\",\"datePublished\":\"2015-04-13T09:06:28+00:00\",\"dateModified\":\"2018-12-20T19:14:10+00:00\",\"author\":{\"@id\":\"https:\\\/\\\/www.campuseducacion.com\\\/blog\\\/#\\\/schema\\\/person\\\/62fa9d1bd01a38844a0fea68cbbc9f3f\"},\"description\":\"Oposiciones 2015 en la Comunidad de La Rioja: PUBLICADA CONVOCATORIA de Educaci\u00f3n Secundaria. Resoluci\u00f3n de 7 de abril de 2015, del consejero de\",\"breadcrumb\":{\"@id\":\"https:\\\/\\\/www.campuseducacion.com\\\/blog\\\/oposiciones\\\/comunidades\\\/la-rioja\\\/oposiciones-2015-la-rioja-publicada-convocatoria-de-educacion-secundaria\\\/#breadcrumb\"},\"inLanguage\":\"es\",\"potentialAction\":[{\"@type\":\"ReadAction\",\"target\":[\"https:\\\/\\\/www.campuseducacion.com\\\/blog\\\/oposiciones\\\/comunidades\\\/la-rioja\\\/oposiciones-2015-la-rioja-publicada-convocatoria-de-educacion-secundaria\\\/\"]}]},{\"@type\":\"ImageObject\",\"inLanguage\":\"es\",\"@id\":\"https:\\\/\\\/www.campuseducacion.com\\\/blog\\\/oposiciones\\\/comunidades\\\/la-rioja\\\/oposiciones-2015-la-rioja-publicada-convocatoria-de-educacion-secundaria\\\/#primaryimage\",\"url\":\"https:\\\/\\\/www.campuseducacion.com\\\/blog\\\/wp-content\\\/uploads\\\/2016\\\/02\\\/10-la-rioja-1.jpg\",\"contentUrl\":\"https:\\\/\\\/www.campuseducacion.com\\\/blog\\\/wp-content\\\/uploads\\\/2016\\\/02\\\/10-la-rioja-1.jpg\",\"width\":1200,\"height\":627,\"caption\":\"bandera la rioja\"},{\"@type\":\"BreadcrumbList\",\"@id\":\"https:\\\/\\\/www.campuseducacion.com\\\/blog\\\/oposiciones\\\/comunidades\\\/la-rioja\\\/oposiciones-2015-la-rioja-publicada-convocatoria-de-educacion-secundaria\\\/#breadcrumb\",\"itemListElement\":[{\"@type\":\"ListItem\",\"position\":1,\"name\":\"Portada\",\"item\":\"https:\\\/\\\/www.campuseducacion.com\\\/blog\\\/\"},{\"@type\":\"ListItem\",\"position\":2,\"name\":\"Oposiciones 2015 La Rioja: PUBLICADA CONVOCATORIA de Educaci\u00f3n Secundaria.\"}]},{\"@type\":\"WebSite\",\"@id\":\"https:\\\/\\\/www.campuseducacion.com\\\/blog\\\/#website\",\"url\":\"https:\\\/\\\/www.campuseducacion.com\\\/blog\\\/\",\"name\":\"BLOG Noticias Oposiciones y bolsas Trabajo Interinos. Campuseducacion.com\",\"description\":\"Actualidad en Oposiciones Maestros de Infantil Primaria y Profesores Secundaria\",\"potentialAction\":[{\"@type\":\"SearchAction\",\"target\":{\"@type\":\"EntryPoint\",\"urlTemplate\":\"https:\\\/\\\/www.campuseducacion.com\\\/blog\\\/?s={search_term_string}\"},\"query-input\":{\"@type\":\"PropertyValueSpecification\",\"valueRequired\":true,\"valueName\":\"search_term_string\"}}],\"inLanguage\":\"es\"},{\"@type\":\"Person\",\"@id\":\"https:\\\/\\\/www.campuseducacion.com\\\/blog\\\/#\\\/schema\\\/person\\\/62fa9d1bd01a38844a0fea68cbbc9f3f\",\"name\":\"Campuseducacion.com\",\"image\":{\"@type\":\"ImageObject\",\"inLanguage\":\"es\",\"@id\":\"https:\\\/\\\/www.campuseducacion.com\\\/blog\\\/wp-content\\\/uploads\\\/2013\\\/05\\\/LogoCampusEducacionCuadrado_125px.png\",\"url\":\"https:\\\/\\\/www.campuseducacion.com\\\/blog\\\/wp-content\\\/uploads\\\/2013\\\/05\\\/LogoCampusEducacionCuadrado_125px.png\",\"contentUrl\":\"https:\\\/\\\/www.campuseducacion.com\\\/blog\\\/wp-content\\\/uploads\\\/2013\\\/05\\\/LogoCampusEducacionCuadrado_125px.png\",\"caption\":\"Campuseducacion.com\"},\"description\":\"Campuseducacion.com te ofrece una amplia oferta en cursos homologados a distancia on-line para Oposiciones: cursos v\u00e1lidos para m\u00e9ritos en las Oposiciones de Maestros en Educaci\u00f3n Infantil y Primaria, y Profesores de Educaci\u00f3n Secundaria. Completa tu formaci\u00f3n Tambi\u00e9n para Sexenios y Concurso General de Traslados. Ahora puedes realizar formaci\u00f3n de postgrado para el profesorado con nuestros M\u00e1steres Oficiales Universitarios (1 punto para oposiciones y 3 puntos en Concurso General de Traslados). Consigue importantes descuentos con Campuseducacion.com en tu formaci\u00f3n homologada: 30% para afiliados a ANPE en cursos a distancia.\",\"sameAs\":[\"https:\\\/\\\/www.campuseducacion.com\",\"https:\\\/\\\/www.facebook.com\\\/Campuseducacion.es\",\"https:\\\/\\\/x.com\\\/https:\\\/\\\/twitter.com\\\/Campuseducacion\"],\"url\":\"https:\\\/\\\/www.campuseducacion.com\\\/blog\\\/autores\\\/adminopos\\\/\"}]}<\/script>\n<!-- \/ Yoast SEO plugin. -->","yoast_head_json":{"title":"Oposiciones 2015 La Rioja: PUBLICADA CONVOCATORIA de Educaci\u00f3n Secundaria. - Campuseducacion.com","description":"Oposiciones 2015 en la Comunidad de La Rioja: PUBLICADA CONVOCATORIA de Educaci\u00f3n Secundaria. Resoluci\u00f3n de 7 de abril de 2015, del consejero de","robots":{"index":"index","follow":"follow","max-snippet":"max-snippet:-1","max-image-preview":"max-image-preview:large","max-video-preview":"max-video-preview:-1"},"canonical":"https:\/\/www.campuseducacion.com\/blog\/oposiciones\/comunidades\/la-rioja\/oposiciones-2015-la-rioja-publicada-convocatoria-de-educacion-secundaria\/","og_locale":"es_ES","og_type":"article","og_title":"Oposiciones 2015 La Rioja: PUBLICADA CONVOCATORIA de Educaci\u00f3n Secundaria. - Campuseducacion.com","og_description":"Oposiciones 2015 en la Comunidad de La Rioja: PUBLICADA CONVOCATORIA de Educaci\u00f3n Secundaria. Resoluci\u00f3n de 7 de abril de 2015, del consejero de","og_url":"https:\/\/www.campuseducacion.com\/blog\/oposiciones\/comunidades\/la-rioja\/oposiciones-2015-la-rioja-publicada-convocatoria-de-educacion-secundaria\/","og_site_name":"BLOG Noticias Oposiciones y bolsas Trabajo Interinos. Campuseducacion.com","article_publisher":"https:\/\/www.facebook.com\/Campuseducacion.es","article_author":"https:\/\/www.facebook.com\/Campuseducacion.es","article_published_time":"2015-04-13T09:06:28+00:00","article_modified_time":"2018-12-20T19:14:10+00:00","og_image":[{"width":1200,"height":627,"url":"https:\/\/www.campuseducacion.com\/blog\/wp-content\/uploads\/2016\/02\/10-la-rioja-1.jpg","type":"image\/jpeg"}],"author":"Campuseducacion.com","twitter_card":"summary_large_image","twitter_creator":"@https:\/\/twitter.com\/Campuseducacion","twitter_site":"@Campuseducacion","twitter_misc":{"Escrito por":"Campuseducacion.com","Tiempo de lectura":"1 minuto"},"schema":{"@context":"https:\/\/schema.org","@graph":[{"@type":"Article","@id":"https:\/\/www.campuseducacion.com\/blog\/oposiciones\/comunidades\/la-rioja\/oposiciones-2015-la-rioja-publicada-convocatoria-de-educacion-secundaria\/#article","isPartOf":{"@id":"https:\/\/www.campuseducacion.com\/blog\/oposiciones\/comunidades\/la-rioja\/oposiciones-2015-la-rioja-publicada-convocatoria-de-educacion-secundaria\/"},"author":{"name":"Campuseducacion.com","@id":"https:\/\/www.campuseducacion.com\/blog\/#\/schema\/person\/62fa9d1bd01a38844a0fea68cbbc9f3f"},"headline":"Oposiciones 2015 La Rioja: PUBLICADA CONVOCATORIA de Educaci\u00f3n Secundaria.","datePublished":"2015-04-13T09:06:28+00:00","dateModified":"2018-12-20T19:14:10+00:00","mainEntityOfPage":{"@id":"https:\/\/www.campuseducacion.com\/blog\/oposiciones\/comunidades\/la-rioja\/oposiciones-2015-la-rioja-publicada-convocatoria-de-educacion-secundaria\/"},"wordCount":196,"commentCount":0,"image":{"@id":"https:\/\/www.campuseducacion.com\/blog\/oposiciones\/comunidades\/la-rioja\/oposiciones-2015-la-rioja-publicada-convocatoria-de-educacion-secundaria\/#primaryimage"},"thumbnailUrl":"https:\/\/www.campuseducacion.com\/blog\/wp-content\/uploads\/2016\/02\/10-la-rioja-1.jpg","keywords":["oferta de empleo p\u00fablico","plazas"],"articleSection":["Convocatorias 2015","Noticias OPOSICIONES de Maestros y Profesores","Oposiciones La Rioja","Oposiciones Secundaria","Oposiciones Secundaria 2015"],"inLanguage":"es","potentialAction":[{"@type":"CommentAction","name":"Comment","target":["https:\/\/www.campuseducacion.com\/blog\/oposiciones\/comunidades\/la-rioja\/oposiciones-2015-la-rioja-publicada-convocatoria-de-educacion-secundaria\/#respond"]}]},{"@type":"WebPage","@id":"https:\/\/www.campuseducacion.com\/blog\/oposiciones\/comunidades\/la-rioja\/oposiciones-2015-la-rioja-publicada-convocatoria-de-educacion-secundaria\/","url":"https:\/\/www.campuseducacion.com\/blog\/oposiciones\/comunidades\/la-rioja\/oposiciones-2015-la-rioja-publicada-convocatoria-de-educacion-secundaria\/","name":"Oposiciones 2015 La Rioja: PUBLICADA CONVOCATORIA de Educaci\u00f3n Secundaria. - Campuseducacion.com","isPartOf":{"@id":"https:\/\/www.campuseducacion.com\/blog\/#website"},"primaryImageOfPage":{"@id":"https:\/\/www.campuseducacion.com\/blog\/oposiciones\/comunidades\/la-rioja\/oposiciones-2015-la-rioja-publicada-convocatoria-de-educacion-secundaria\/#primaryimage"},"image":{"@id":"https:\/\/www.campuseducacion.com\/blog\/oposiciones\/comunidades\/la-rioja\/oposiciones-2015-la-rioja-publicada-convocatoria-de-educacion-secundaria\/#primaryimage"},"thumbnailUrl":"https:\/\/www.campuseducacion.com\/blog\/wp-content\/uploads\/2016\/02\/10-la-rioja-1.jpg","datePublished":"2015-04-13T09:06:28+00:00","dateModified":"2018-12-20T19:14:10+00:00","author":{"@id":"https:\/\/www.campuseducacion.com\/blog\/#\/schema\/person\/62fa9d1bd01a38844a0fea68cbbc9f3f"},"description":"Oposiciones 2015 en la Comunidad de La Rioja: PUBLICADA CONVOCATORIA de Educaci\u00f3n Secundaria. Resoluci\u00f3n de 7 de abril de 2015, del consejero de","breadcrumb":{"@id":"https:\/\/www.campuseducacion.com\/blog\/oposiciones\/comunidades\/la-rioja\/oposiciones-2015-la-rioja-publicada-convocatoria-de-educacion-secundaria\/#breadcrumb"},"inLanguage":"es","potentialAction":[{"@type":"ReadAction","target":["https:\/\/www.campuseducacion.com\/blog\/oposiciones\/comunidades\/la-rioja\/oposiciones-2015-la-rioja-publicada-convocatoria-de-educacion-secundaria\/"]}]},{"@type":"ImageObject","inLanguage":"es","@id":"https:\/\/www.campuseducacion.com\/blog\/oposiciones\/comunidades\/la-rioja\/oposiciones-2015-la-rioja-publicada-convocatoria-de-educacion-secundaria\/#primaryimage","url":"https:\/\/www.campuseducacion.com\/blog\/wp-content\/uploads\/2016\/02\/10-la-rioja-1.jpg","contentUrl":"https:\/\/www.campuseducacion.com\/blog\/wp-content\/uploads\/2016\/02\/10-la-rioja-1.jpg","width":1200,"height":627,"caption":"bandera la rioja"},{"@type":"BreadcrumbList","@id":"https:\/\/www.campuseducacion.com\/blog\/oposiciones\/comunidades\/la-rioja\/oposiciones-2015-la-rioja-publicada-convocatoria-de-educacion-secundaria\/#breadcrumb","itemListElement":[{"@type":"ListItem","position":1,"name":"Portada","item":"https:\/\/www.campuseducacion.com\/blog\/"},{"@type":"ListItem","position":2,"name":"Oposiciones 2015 La Rioja: PUBLICADA CONVOCATORIA de Educaci\u00f3n Secundaria."}]},{"@type":"WebSite","@id":"https:\/\/www.campuseducacion.com\/blog\/#website","url":"https:\/\/www.campuseducacion.com\/blog\/","name":"BLOG Noticias Oposiciones y bolsas Trabajo Interinos. Campuseducacion.com","description":"Actualidad en Oposiciones Maestros de Infantil Primaria y Profesores Secundaria","potentialAction":[{"@type":"SearchAction","target":{"@type":"EntryPoint","urlTemplate":"https:\/\/www.campuseducacion.com\/blog\/?s={search_term_string}"},"query-input":{"@type":"PropertyValueSpecification","valueRequired":true,"valueName":"search_term_string"}}],"inLanguage":"es"},{"@type":"Person","@id":"https:\/\/www.campuseducacion.com\/blog\/#\/schema\/person\/62fa9d1bd01a38844a0fea68cbbc9f3f","name":"Campuseducacion.com","image":{"@type":"ImageObject","inLanguage":"es","@id":"https:\/\/www.campuseducacion.com\/blog\/wp-content\/uploads\/2013\/05\/LogoCampusEducacionCuadrado_125px.png","url":"https:\/\/www.campuseducacion.com\/blog\/wp-content\/uploads\/2013\/05\/LogoCampusEducacionCuadrado_125px.png","contentUrl":"https:\/\/www.campuseducacion.com\/blog\/wp-content\/uploads\/2013\/05\/LogoCampusEducacionCuadrado_125px.png","caption":"Campuseducacion.com"},"description":"Campuseducacion.com te ofrece una amplia oferta en cursos homologados a distancia on-line para Oposiciones: cursos v\u00e1lidos para m\u00e9ritos en las Oposiciones de Maestros en Educaci\u00f3n Infantil y Primaria, y Profesores de Educaci\u00f3n Secundaria. Completa tu formaci\u00f3n Tambi\u00e9n para Sexenios y Concurso General de Traslados. Ahora puedes realizar formaci\u00f3n de postgrado para el profesorado con nuestros M\u00e1steres Oficiales Universitarios (1 punto para oposiciones y 3 puntos en Concurso General de Traslados). Consigue importantes descuentos con Campuseducacion.com en tu formaci\u00f3n homologada: 30% para afiliados a ANPE en cursos a distancia.","sameAs":["https:\/\/www.campuseducacion.com","https:\/\/www.facebook.com\/Campuseducacion.es","https:\/\/x.com\/https:\/\/twitter.com\/Campuseducacion"],"url":"https:\/\/www.campuseducacion.com\/blog\/autores\/adminopos\/"}]}},"amp_enabled":true,"_links":{"self":[{"href":"https:\/\/www.campuseducacion.com\/blog\/wp-json\/wp\/v2\/posts\/5231","targetHints":{"allow":["GET"]}}],"collection":[{"href":"https:\/\/www.campuseducacion.com\/blog\/wp-json\/wp\/v2\/posts"}],"about":[{"href":"https:\/\/www.campuseducacion.com\/blog\/wp-json\/wp\/v2\/types\/post"}],"author":[{"embeddable":true,"href":"https:\/\/www.campuseducacion.com\/blog\/wp-json\/wp\/v2\/users\/2"}],"replies":[{"embeddable":true,"href":"https:\/\/www.campuseducacion.com\/blog\/wp-json\/wp\/v2\/comments?post=5231"}],"version-history":[{"count":3,"href":"https:\/\/www.campuseducacion.com\/blog\/wp-json\/wp\/v2\/posts\/5231\/revisions"}],"predecessor-version":[{"id":5234,"href":"https:\/\/www.campuseducacion.com\/blog\/wp-json\/wp\/v2\/posts\/5231\/revisions\/5234"}],"wp:featuredmedia":[{"embeddable":true,"href":"https:\/\/www.campuseducacion.com\/blog\/wp-json\/wp\/v2\/media\/6108"}],"wp:attachment":[{"href":"https:\/\/www.campuseducacion.com\/blog\/wp-json\/wp\/v2\/media?parent=5231"}],"wp:term":[{"taxonomy":"category","embeddable":true,"href":"https:\/\/www.campuseducacion.com\/blog\/wp-json\/wp\/v2\/categories?post=5231"},{"taxonomy":"post_tag","embeddable":true,"href":"https:\/\/www.campuseducacion.com\/blog\/wp-json\/wp\/v2\/tags?post=5231"}],"curies":[{"name":"wp","href":"https:\/\/api.w.org\/{rel}","templated":true}]}}