{"id":5681,"date":"2015-08-28T14:28:01","date_gmt":"2015-08-28T12:28:01","guid":{"rendered":"http:\/\/www.campuseducacion.com\/oposiciones\/?p=5681"},"modified":"2017-09-18T16:47:59","modified_gmt":"2017-09-18T14:47:59","slug":"maestros-interinos-castilla-la-mancha-asignacion-definitiva-de-las-bolsas-de-trabajo","status":"publish","type":"post","link":"https:\/\/www.campuseducacion.com\/blog\/interinos\/maestros-interinos-castilla-la-mancha-asignacion-definitiva-de-las-bolsas-de-trabajo\/","title":{"rendered":"Maestros Interinos Castilla &#8211; La Mancha: asignaci\u00f3n definitiva de las bolsas de trabajo"},"content":{"rendered":"<p style=\"text-align: justify;\"><strong>Maestros Interinos<\/strong> en la Comunidad de <strong>Castilla &#8211; La Mancha: asignaci\u00f3n definitiva de las bolsas de trabajo<\/strong> de especialidades convocadas y especialidades anteriores a LOGSE.<!--more--><\/p>\n<ul id=\"cmContentResourcesList\" class=\"cmResourceList\">\n<li class=\"cmResourceType_pdf cmResourceList cmOneResourceFile firstNode\"><a class=\"cmContentLink\" href=\"http:\/\/www.educa.jccm.es\/es\/bolsatra\/bolsa-trabajo-primaria\/asignacion-definitiva-plazas-disponibles-correspondientes-a.ficheros\/181254-Resoluci%C3%B3n%20adjudicaci%C3%B3n%20definitiva.pdf\" target=\"_blank\" rel=\"nofollow noopener\"><span class=\"resourceData2\">Resoluci\u00f3n 28 de agosto 2015<\/span><abbr title=\"Kilobyte\"><\/abbr><\/a><\/li>\n<li class=\"cmResourceType_pdf cmResourceList cmOneResourceFile firstNode\"><span class=\"resourceData2\"><a class=\"cmContentLink\" href=\"http:\/\/www.educa.jccm.es\/es\/bolsatra\/bolsa-trabajo-primaria\/asignacion-definitiva-plazas-disponibles-correspondientes-a.ficheros\/181280-Adjudicacion2015_Instrucciones_Credencial_Electronica.pdf\" target=\"_blank\" rel=\"nofollow noopener\">Instrucciones para retirar la credencial electr\u00f3nica<\/a><\/span><\/li>\n<li class=\"cmResourceType_pdf cmResourceList cmOneResourceFile firstNode\"><a class=\"cmContentLink\" href=\"http:\/\/www.educa.jccm.es\/es\/bolsatra\/bolsa-trabajo-primaria\/asignacion-definitiva-plazas-disponibles-correspondientes-a.ficheros\/181281-Asignacion2015_20150828_Definitiva_0597-Maestros_Convocadas_Resultado.pdf\" target=\"_blank\" rel=\"nofollow noopener\"><span class=\"resourceData2\">Especialidades convocadas<\/span><\/a><\/li>\n<li class=\"cmResourceType_pdf cmResourceList cmOneResourceFile firstNode\"><span class=\"resourceData2\"><a class=\"cmContentLink\" href=\"http:\/\/www.educa.jccm.es\/es\/bolsatra\/bolsa-trabajo-primaria\/asignacion-definitiva-plazas-disponibles-correspondientes-a.ficheros\/181255-Asignacion2015_20150828_Definitiva_0597-Maestros_AntLogse_Resultado.pdf\" target=\"_blank\" rel=\"nofollow noopener\">Especialidades anteriores a la LOGSE<\/a><\/span><\/li>\n<li class=\"cmResourceType_pdf cmResourceList cmOneResourceFile firstNode\"><a class=\"cmContentLink\" href=\"http:\/\/www.educa.jccm.es\/es\/bolsatra\/bolsa-trabajo-primaria\/asignacion-definitiva-plazas-disponibles-correspondientes-a.ficheros\/181282-Asignacion2015_20150828_Definitiva_0597-Maestros_Convocadas_Plazas_Ofertadas.pdf\" target=\"_blank\" rel=\"nofollow noopener\"><span class=\"resourceData2\">Especialidades convocadas<\/span><\/a><\/li>\n<li class=\"cmResourceType_pdf cmResourceList cmOneResourceFile firstNode\"><span class=\"resourceData2\"><a class=\"cmContentLink\" href=\"http:\/\/www.educa.jccm.es\/es\/bolsatra\/bolsa-trabajo-primaria\/asignacion-definitiva-plazas-disponibles-correspondientes-a.ficheros\/181283-Asignacion2015_20150828_Definitiva_0597-Maestros_AntLogse_Plazas_Ofertadas.pdf\" target=\"_blank\" rel=\"nofollow noopener\">Especialidades anteriores a la LOGSE<\/a><\/span><\/li>\n<li class=\"cmResourceType_pdf cmResourceList cmOneResourceFile firstNode\"><a class=\"cmContentLink\" href=\"http:\/\/www.educa.jccm.es\/es\/bolsatra\/bolsa-trabajo-primaria\/asignacion-definitiva-plazas-disponibles-correspondientes-a.ficheros\/181256-Documentacion%202015%20-%20Maestros.zip\" target=\"_blank\" rel=\"nofollow noopener\"><span class=\"resourceData2\">Documentaci\u00f3n complementaria<\/span><\/a><\/li>\n<\/ul>\n<p><strong>TOMA DE POSESI\u00d3N:<\/strong><\/p>\n<ul>\n<li style=\"text-align: justify;\">La toma de posesi\u00f3n en el centro de trabajo adjudicado se realizar\u00e1 el pr\u00f3ximo d\u00eda <strong>9 de septiembre de 2015<\/strong>.<\/li>\n<\/ul>\n<p><strong>RETIRADA Y ENTREGA DE CREDENCIAL:<\/strong><\/p>\n<ul>\n<li style=\"text-align: justify;\">De conformidad con el apartado octavo de las Resoluciones de 21 y 25 de agosto, es obligatorio recoger la credencial correspondiente de forma electr\u00f3nica, y a trav\u00e9s del Portal de Educaci\u00f3n, www.educa.jccm.es , durante los<strong> d\u00edas 28, 29, 30, y 31 de agosto hasta las 14 horas,<\/strong> siendo \u00e9ste el momento para cumplimentar la documentaci\u00f3n para su nombramiento como funcionarios y funcionarias interinos docentes. Dicha documentaci\u00f3n se encontrar\u00e1 disponible asimismo en la web de Educaci\u00f3n.<br \/>\nDicha documentaci\u00f3n deber\u00e1 ser cumplimentada y entregada en el centro de trabajo asignado el d\u00eda de la incorporaci\u00f3n efectiva al centro. Asimismo la referida documentaci\u00f3n podr\u00e1 entregarse en la Direcci\u00f3n Provincial de la Consejer\u00eda de Educaci\u00f3n, Cultura y Deportes correspondiente al centro donde se ubique la plaza asignada, con car\u00e1cter previo a la incorporaci\u00f3n al mismo.<\/li>\n<\/ul>\n<p>&nbsp;<\/p>\n\n\n<div class=\"kk-star-ratings kksr-auto kksr-align-left kksr-valign-bottom\"\n    data-payload='{&quot;align&quot;:&quot;left&quot;,&quot;id&quot;:&quot;5681&quot;,&quot;slug&quot;:&quot;default&quot;,&quot;valign&quot;:&quot;bottom&quot;,&quot;ignore&quot;:&quot;&quot;,&quot;reference&quot;:&quot;auto&quot;,&quot;class&quot;:&quot;&quot;,&quot;count&quot;:&quot;79&quot;,&quot;legendonly&quot;:&quot;&quot;,&quot;readonly&quot;:&quot;&quot;,&quot;score&quot;:&quot;5&quot;,&quot;starsonly&quot;:&quot;&quot;,&quot;best&quot;:&quot;5&quot;,&quot;gap&quot;:&quot;5&quot;,&quot;greet&quot;:&quot;&quot;,&quot;legend&quot;:&quot;5\\\/5 - (79 votos)&quot;,&quot;size&quot;:&quot;15&quot;,&quot;title&quot;:&quot;Maestros Interinos Castilla - La Mancha: asignaci\u00f3n definitiva de las bolsas de trabajo&quot;,&quot;width&quot;:&quot;97.5&quot;,&quot;_legend&quot;:&quot;{score}\\\/{best} - ({count} {votes})&quot;,&quot;font_factor&quot;:&quot;1.25&quot;}'>\n            \n<div class=\"kksr-stars\">\n    \n<div class=\"kksr-stars-inactive\">\n            <div class=\"kksr-star\" data-star=\"1\" style=\"padding-right: 5px\">\n            \n\n<div class=\"kksr-icon\" style=\"width: 15px; height: 15px;\"><\/div>\n        <\/div>\n            <div class=\"kksr-star\" data-star=\"2\" style=\"padding-right: 5px\">\n            \n\n<div class=\"kksr-icon\" style=\"width: 15px; height: 15px;\"><\/div>\n        <\/div>\n            <div class=\"kksr-star\" data-star=\"3\" style=\"padding-right: 5px\">\n            \n\n<div class=\"kksr-icon\" style=\"width: 15px; height: 15px;\"><\/div>\n        <\/div>\n            <div class=\"kksr-star\" data-star=\"4\" style=\"padding-right: 5px\">\n            \n\n<div class=\"kksr-icon\" style=\"width: 15px; height: 15px;\"><\/div>\n        <\/div>\n            <div class=\"kksr-star\" data-star=\"5\" style=\"padding-right: 5px\">\n            \n\n<div class=\"kksr-icon\" style=\"width: 15px; height: 15px;\"><\/div>\n        <\/div>\n    <\/div>\n    \n<div class=\"kksr-stars-active\" style=\"width: 97.5px;\">\n            <div class=\"kksr-star\" style=\"padding-right: 5px\">\n            \n\n<div class=\"kksr-icon\" style=\"width: 15px; height: 15px;\"><\/div>\n        <\/div>\n            <div class=\"kksr-star\" style=\"padding-right: 5px\">\n            \n\n<div class=\"kksr-icon\" style=\"width: 15px; height: 15px;\"><\/div>\n        <\/div>\n            <div class=\"kksr-star\" style=\"padding-right: 5px\">\n            \n\n<div class=\"kksr-icon\" style=\"width: 15px; height: 15px;\"><\/div>\n        <\/div>\n            <div class=\"kksr-star\" style=\"padding-right: 5px\">\n            \n\n<div class=\"kksr-icon\" style=\"width: 15px; height: 15px;\"><\/div>\n        <\/div>\n            <div class=\"kksr-star\" style=\"padding-right: 5px\">\n            \n\n<div class=\"kksr-icon\" style=\"width: 15px; height: 15px;\"><\/div>\n        <\/div>\n    <\/div>\n<\/div>\n                \n\n<div class=\"kksr-legend\" style=\"font-size: 12px;\">\n            5\/5 - (79 votos)    <\/div>\n    <\/div>\n","protected":false},"excerpt":{"rendered":"<p>Maestros Interinos en la Comunidad de Castilla &#8211; La Mancha: asignaci\u00f3n definitiva de las bolsas de trabajo de especialidades convocadas y especialidades anteriores a LOGSE.<\/p>\n","protected":false},"author":2,"featured_media":6099,"comment_status":"open","ping_status":"open","sticky":false,"template":"","format":"image","meta":{"tdm_status":"","tdm_grid_status":"","footnotes":""},"categories":[206,610,611,765,19],"tags":[],"class_list":{"0":"post-5681","1":"post","2":"type-post","3":"status-publish","4":"format-image","5":"has-post-thumbnail","7":"category-bolsas-castilla-la-mancha","8":"category-bolsas-trabajo-primaria","9":"category-bolsas-trabajo-secundaria","10":"category-interinos","11":"category-castilla-la-mancha","12":"post_format-post-format-image"},"yoast_head":"<!-- This site is optimized with the Yoast SEO plugin v27.4 - https:\/\/yoast.com\/product\/yoast-seo-wordpress\/ -->\n<title>Maestros Interinos Castilla - La Mancha: asignaci\u00f3n definitiva de las bolsas de trabajo - Campuseducacion.com<\/title>\n<meta name=\"description\" content=\"Maestros Interinos en la Comunidad de Castilla - La Mancha: asignaci\u00f3n definitiva de las bolsas de trabajo de especialidades convocadas y especialidades\" \/>\n<meta name=\"robots\" content=\"index, follow, max-snippet:-1, max-image-preview:large, max-video-preview:-1\" \/>\n<link rel=\"canonical\" href=\"https:\/\/www.campuseducacion.com\/blog\/interinos\/maestros-interinos-castilla-la-mancha-asignacion-definitiva-de-las-bolsas-de-trabajo\/\" \/>\n<meta property=\"og:locale\" content=\"es_ES\" \/>\n<meta property=\"og:type\" content=\"article\" \/>\n<meta property=\"og:title\" content=\"Maestros Interinos Castilla - La Mancha: asignaci\u00f3n definitiva de las bolsas de trabajo - Campuseducacion.com\" \/>\n<meta property=\"og:description\" content=\"Maestros Interinos en la Comunidad de Castilla - La Mancha: asignaci\u00f3n definitiva de las bolsas de trabajo de especialidades convocadas y especialidades\" \/>\n<meta property=\"og:url\" content=\"https:\/\/www.campuseducacion.com\/blog\/interinos\/maestros-interinos-castilla-la-mancha-asignacion-definitiva-de-las-bolsas-de-trabajo\/\" \/>\n<meta property=\"og:site_name\" content=\"BLOG Noticias Oposiciones y bolsas Trabajo Interinos. Campuseducacion.com\" \/>\n<meta property=\"article:publisher\" content=\"https:\/\/www.facebook.com\/Campuseducacion.es\" \/>\n<meta property=\"article:author\" content=\"https:\/\/www.facebook.com\/Campuseducacion.es\" \/>\n<meta property=\"article:published_time\" content=\"2015-08-28T12:28:01+00:00\" \/>\n<meta property=\"article:modified_time\" content=\"2017-09-18T14:47:59+00:00\" \/>\n<meta property=\"og:image\" content=\"https:\/\/www.campuseducacion.com\/blog\/wp-content\/uploads\/2016\/02\/01-castilla-la-mancha-1.jpg\" \/>\n\t<meta property=\"og:image:width\" content=\"1200\" \/>\n\t<meta property=\"og:image:height\" content=\"627\" \/>\n\t<meta property=\"og:image:type\" content=\"image\/jpeg\" \/>\n<meta name=\"author\" content=\"Campuseducacion.com\" \/>\n<meta name=\"twitter:card\" content=\"summary_large_image\" \/>\n<meta name=\"twitter:creator\" content=\"@https:\/\/twitter.com\/Campuseducacion\" \/>\n<meta name=\"twitter:site\" content=\"@Campuseducacion\" \/>\n<meta name=\"twitter:label1\" content=\"Escrito por\" \/>\n\t<meta name=\"twitter:data1\" content=\"Campuseducacion.com\" \/>\n\t<meta name=\"twitter:label2\" content=\"Tiempo de lectura\" \/>\n\t<meta name=\"twitter:data2\" content=\"1 minuto\" \/>\n<script type=\"application\/ld+json\" class=\"yoast-schema-graph\">{\"@context\":\"https:\\\/\\\/schema.org\",\"@graph\":[{\"@type\":\"Article\",\"@id\":\"https:\\\/\\\/www.campuseducacion.com\\\/blog\\\/interinos\\\/maestros-interinos-castilla-la-mancha-asignacion-definitiva-de-las-bolsas-de-trabajo\\\/#article\",\"isPartOf\":{\"@id\":\"https:\\\/\\\/www.campuseducacion.com\\\/blog\\\/interinos\\\/maestros-interinos-castilla-la-mancha-asignacion-definitiva-de-las-bolsas-de-trabajo\\\/\"},\"author\":{\"name\":\"Campuseducacion.com\",\"@id\":\"https:\\\/\\\/www.campuseducacion.com\\\/blog\\\/#\\\/schema\\\/person\\\/62fa9d1bd01a38844a0fea68cbbc9f3f\"},\"headline\":\"Maestros Interinos Castilla &#8211; La Mancha: asignaci\u00f3n definitiva de las bolsas de trabajo\",\"datePublished\":\"2015-08-28T12:28:01+00:00\",\"dateModified\":\"2017-09-18T14:47:59+00:00\",\"mainEntityOfPage\":{\"@id\":\"https:\\\/\\\/www.campuseducacion.com\\\/blog\\\/interinos\\\/maestros-interinos-castilla-la-mancha-asignacion-definitiva-de-las-bolsas-de-trabajo\\\/\"},\"wordCount\":241,\"commentCount\":0,\"image\":{\"@id\":\"https:\\\/\\\/www.campuseducacion.com\\\/blog\\\/interinos\\\/maestros-interinos-castilla-la-mancha-asignacion-definitiva-de-las-bolsas-de-trabajo\\\/#primaryimage\"},\"thumbnailUrl\":\"https:\\\/\\\/www.campuseducacion.com\\\/blog\\\/wp-content\\\/uploads\\\/2016\\\/02\\\/01-castilla-la-mancha-1.jpg\",\"articleSection\":[\"Bolsas Castilla - La Mancha\",\"Bolsas Trabajo Primaria\",\"Bolsas Trabajo Secundaria\",\"Interinos\",\"Oposiciones Castilla-La Mancha\"],\"inLanguage\":\"es\",\"potentialAction\":[{\"@type\":\"CommentAction\",\"name\":\"Comment\",\"target\":[\"https:\\\/\\\/www.campuseducacion.com\\\/blog\\\/interinos\\\/maestros-interinos-castilla-la-mancha-asignacion-definitiva-de-las-bolsas-de-trabajo\\\/#respond\"]}]},{\"@type\":\"WebPage\",\"@id\":\"https:\\\/\\\/www.campuseducacion.com\\\/blog\\\/interinos\\\/maestros-interinos-castilla-la-mancha-asignacion-definitiva-de-las-bolsas-de-trabajo\\\/\",\"url\":\"https:\\\/\\\/www.campuseducacion.com\\\/blog\\\/interinos\\\/maestros-interinos-castilla-la-mancha-asignacion-definitiva-de-las-bolsas-de-trabajo\\\/\",\"name\":\"Maestros Interinos Castilla - La Mancha: asignaci\u00f3n definitiva de las bolsas de trabajo - Campuseducacion.com\",\"isPartOf\":{\"@id\":\"https:\\\/\\\/www.campuseducacion.com\\\/blog\\\/#website\"},\"primaryImageOfPage\":{\"@id\":\"https:\\\/\\\/www.campuseducacion.com\\\/blog\\\/interinos\\\/maestros-interinos-castilla-la-mancha-asignacion-definitiva-de-las-bolsas-de-trabajo\\\/#primaryimage\"},\"image\":{\"@id\":\"https:\\\/\\\/www.campuseducacion.com\\\/blog\\\/interinos\\\/maestros-interinos-castilla-la-mancha-asignacion-definitiva-de-las-bolsas-de-trabajo\\\/#primaryimage\"},\"thumbnailUrl\":\"https:\\\/\\\/www.campuseducacion.com\\\/blog\\\/wp-content\\\/uploads\\\/2016\\\/02\\\/01-castilla-la-mancha-1.jpg\",\"datePublished\":\"2015-08-28T12:28:01+00:00\",\"dateModified\":\"2017-09-18T14:47:59+00:00\",\"author\":{\"@id\":\"https:\\\/\\\/www.campuseducacion.com\\\/blog\\\/#\\\/schema\\\/person\\\/62fa9d1bd01a38844a0fea68cbbc9f3f\"},\"description\":\"Maestros Interinos en la Comunidad de Castilla - La Mancha: asignaci\u00f3n definitiva de las bolsas de trabajo de especialidades convocadas y especialidades\",\"breadcrumb\":{\"@id\":\"https:\\\/\\\/www.campuseducacion.com\\\/blog\\\/interinos\\\/maestros-interinos-castilla-la-mancha-asignacion-definitiva-de-las-bolsas-de-trabajo\\\/#breadcrumb\"},\"inLanguage\":\"es\",\"potentialAction\":[{\"@type\":\"ReadAction\",\"target\":[\"https:\\\/\\\/www.campuseducacion.com\\\/blog\\\/interinos\\\/maestros-interinos-castilla-la-mancha-asignacion-definitiva-de-las-bolsas-de-trabajo\\\/\"]}]},{\"@type\":\"ImageObject\",\"inLanguage\":\"es\",\"@id\":\"https:\\\/\\\/www.campuseducacion.com\\\/blog\\\/interinos\\\/maestros-interinos-castilla-la-mancha-asignacion-definitiva-de-las-bolsas-de-trabajo\\\/#primaryimage\",\"url\":\"https:\\\/\\\/www.campuseducacion.com\\\/blog\\\/wp-content\\\/uploads\\\/2016\\\/02\\\/01-castilla-la-mancha-1.jpg\",\"contentUrl\":\"https:\\\/\\\/www.campuseducacion.com\\\/blog\\\/wp-content\\\/uploads\\\/2016\\\/02\\\/01-castilla-la-mancha-1.jpg\",\"width\":1200,\"height\":627,\"caption\":\"bandera castilla-la mancha\"},{\"@type\":\"BreadcrumbList\",\"@id\":\"https:\\\/\\\/www.campuseducacion.com\\\/blog\\\/interinos\\\/maestros-interinos-castilla-la-mancha-asignacion-definitiva-de-las-bolsas-de-trabajo\\\/#breadcrumb\",\"itemListElement\":[{\"@type\":\"ListItem\",\"position\":1,\"name\":\"Portada\",\"item\":\"https:\\\/\\\/www.campuseducacion.com\\\/blog\\\/\"},{\"@type\":\"ListItem\",\"position\":2,\"name\":\"Maestros Interinos Castilla &#8211; La Mancha: asignaci\u00f3n definitiva de las bolsas de trabajo\"}]},{\"@type\":\"WebSite\",\"@id\":\"https:\\\/\\\/www.campuseducacion.com\\\/blog\\\/#website\",\"url\":\"https:\\\/\\\/www.campuseducacion.com\\\/blog\\\/\",\"name\":\"BLOG Noticias Oposiciones y bolsas Trabajo Interinos. Campuseducacion.com\",\"description\":\"Actualidad en Oposiciones Maestros de Infantil Primaria y Profesores Secundaria\",\"potentialAction\":[{\"@type\":\"SearchAction\",\"target\":{\"@type\":\"EntryPoint\",\"urlTemplate\":\"https:\\\/\\\/www.campuseducacion.com\\\/blog\\\/?s={search_term_string}\"},\"query-input\":{\"@type\":\"PropertyValueSpecification\",\"valueRequired\":true,\"valueName\":\"search_term_string\"}}],\"inLanguage\":\"es\"},{\"@type\":\"Person\",\"@id\":\"https:\\\/\\\/www.campuseducacion.com\\\/blog\\\/#\\\/schema\\\/person\\\/62fa9d1bd01a38844a0fea68cbbc9f3f\",\"name\":\"Campuseducacion.com\",\"image\":{\"@type\":\"ImageObject\",\"inLanguage\":\"es\",\"@id\":\"https:\\\/\\\/www.campuseducacion.com\\\/blog\\\/wp-content\\\/uploads\\\/2013\\\/05\\\/LogoCampusEducacionCuadrado_125px.png\",\"url\":\"https:\\\/\\\/www.campuseducacion.com\\\/blog\\\/wp-content\\\/uploads\\\/2013\\\/05\\\/LogoCampusEducacionCuadrado_125px.png\",\"contentUrl\":\"https:\\\/\\\/www.campuseducacion.com\\\/blog\\\/wp-content\\\/uploads\\\/2013\\\/05\\\/LogoCampusEducacionCuadrado_125px.png\",\"caption\":\"Campuseducacion.com\"},\"description\":\"Campuseducacion.com te ofrece una amplia oferta en cursos homologados a distancia on-line para Oposiciones: cursos v\u00e1lidos para m\u00e9ritos en las Oposiciones de Maestros en Educaci\u00f3n Infantil y Primaria, y Profesores de Educaci\u00f3n Secundaria. Completa tu formaci\u00f3n Tambi\u00e9n para Sexenios y Concurso General de Traslados. Ahora puedes realizar formaci\u00f3n de postgrado para el profesorado con nuestros M\u00e1steres Oficiales Universitarios (1 punto para oposiciones y 3 puntos en Concurso General de Traslados). Consigue importantes descuentos con Campuseducacion.com en tu formaci\u00f3n homologada: 30% para afiliados a ANPE en cursos a distancia.\",\"sameAs\":[\"https:\\\/\\\/www.campuseducacion.com\",\"https:\\\/\\\/www.facebook.com\\\/Campuseducacion.es\",\"https:\\\/\\\/x.com\\\/https:\\\/\\\/twitter.com\\\/Campuseducacion\"],\"url\":\"https:\\\/\\\/www.campuseducacion.com\\\/blog\\\/autores\\\/adminopos\\\/\"}]}<\/script>\n<!-- \/ Yoast SEO plugin. -->","yoast_head_json":{"title":"Maestros Interinos Castilla - La Mancha: asignaci\u00f3n definitiva de las bolsas de trabajo - Campuseducacion.com","description":"Maestros Interinos en la Comunidad de Castilla - La Mancha: asignaci\u00f3n definitiva de las bolsas de trabajo de especialidades convocadas y especialidades","robots":{"index":"index","follow":"follow","max-snippet":"max-snippet:-1","max-image-preview":"max-image-preview:large","max-video-preview":"max-video-preview:-1"},"canonical":"https:\/\/www.campuseducacion.com\/blog\/interinos\/maestros-interinos-castilla-la-mancha-asignacion-definitiva-de-las-bolsas-de-trabajo\/","og_locale":"es_ES","og_type":"article","og_title":"Maestros Interinos Castilla - La Mancha: asignaci\u00f3n definitiva de las bolsas de trabajo - Campuseducacion.com","og_description":"Maestros Interinos en la Comunidad de Castilla - La Mancha: asignaci\u00f3n definitiva de las bolsas de trabajo de especialidades convocadas y especialidades","og_url":"https:\/\/www.campuseducacion.com\/blog\/interinos\/maestros-interinos-castilla-la-mancha-asignacion-definitiva-de-las-bolsas-de-trabajo\/","og_site_name":"BLOG Noticias Oposiciones y bolsas Trabajo Interinos. Campuseducacion.com","article_publisher":"https:\/\/www.facebook.com\/Campuseducacion.es","article_author":"https:\/\/www.facebook.com\/Campuseducacion.es","article_published_time":"2015-08-28T12:28:01+00:00","article_modified_time":"2017-09-18T14:47:59+00:00","og_image":[{"width":1200,"height":627,"url":"https:\/\/www.campuseducacion.com\/blog\/wp-content\/uploads\/2016\/02\/01-castilla-la-mancha-1.jpg","type":"image\/jpeg"}],"author":"Campuseducacion.com","twitter_card":"summary_large_image","twitter_creator":"@https:\/\/twitter.com\/Campuseducacion","twitter_site":"@Campuseducacion","twitter_misc":{"Escrito por":"Campuseducacion.com","Tiempo de lectura":"1 minuto"},"schema":{"@context":"https:\/\/schema.org","@graph":[{"@type":"Article","@id":"https:\/\/www.campuseducacion.com\/blog\/interinos\/maestros-interinos-castilla-la-mancha-asignacion-definitiva-de-las-bolsas-de-trabajo\/#article","isPartOf":{"@id":"https:\/\/www.campuseducacion.com\/blog\/interinos\/maestros-interinos-castilla-la-mancha-asignacion-definitiva-de-las-bolsas-de-trabajo\/"},"author":{"name":"Campuseducacion.com","@id":"https:\/\/www.campuseducacion.com\/blog\/#\/schema\/person\/62fa9d1bd01a38844a0fea68cbbc9f3f"},"headline":"Maestros Interinos Castilla &#8211; La Mancha: asignaci\u00f3n definitiva de las bolsas de trabajo","datePublished":"2015-08-28T12:28:01+00:00","dateModified":"2017-09-18T14:47:59+00:00","mainEntityOfPage":{"@id":"https:\/\/www.campuseducacion.com\/blog\/interinos\/maestros-interinos-castilla-la-mancha-asignacion-definitiva-de-las-bolsas-de-trabajo\/"},"wordCount":241,"commentCount":0,"image":{"@id":"https:\/\/www.campuseducacion.com\/blog\/interinos\/maestros-interinos-castilla-la-mancha-asignacion-definitiva-de-las-bolsas-de-trabajo\/#primaryimage"},"thumbnailUrl":"https:\/\/www.campuseducacion.com\/blog\/wp-content\/uploads\/2016\/02\/01-castilla-la-mancha-1.jpg","articleSection":["Bolsas Castilla - La Mancha","Bolsas Trabajo Primaria","Bolsas Trabajo Secundaria","Interinos","Oposiciones Castilla-La Mancha"],"inLanguage":"es","potentialAction":[{"@type":"CommentAction","name":"Comment","target":["https:\/\/www.campuseducacion.com\/blog\/interinos\/maestros-interinos-castilla-la-mancha-asignacion-definitiva-de-las-bolsas-de-trabajo\/#respond"]}]},{"@type":"WebPage","@id":"https:\/\/www.campuseducacion.com\/blog\/interinos\/maestros-interinos-castilla-la-mancha-asignacion-definitiva-de-las-bolsas-de-trabajo\/","url":"https:\/\/www.campuseducacion.com\/blog\/interinos\/maestros-interinos-castilla-la-mancha-asignacion-definitiva-de-las-bolsas-de-trabajo\/","name":"Maestros Interinos Castilla - La Mancha: asignaci\u00f3n definitiva de las bolsas de trabajo - Campuseducacion.com","isPartOf":{"@id":"https:\/\/www.campuseducacion.com\/blog\/#website"},"primaryImageOfPage":{"@id":"https:\/\/www.campuseducacion.com\/blog\/interinos\/maestros-interinos-castilla-la-mancha-asignacion-definitiva-de-las-bolsas-de-trabajo\/#primaryimage"},"image":{"@id":"https:\/\/www.campuseducacion.com\/blog\/interinos\/maestros-interinos-castilla-la-mancha-asignacion-definitiva-de-las-bolsas-de-trabajo\/#primaryimage"},"thumbnailUrl":"https:\/\/www.campuseducacion.com\/blog\/wp-content\/uploads\/2016\/02\/01-castilla-la-mancha-1.jpg","datePublished":"2015-08-28T12:28:01+00:00","dateModified":"2017-09-18T14:47:59+00:00","author":{"@id":"https:\/\/www.campuseducacion.com\/blog\/#\/schema\/person\/62fa9d1bd01a38844a0fea68cbbc9f3f"},"description":"Maestros Interinos en la Comunidad de Castilla - La Mancha: asignaci\u00f3n definitiva de las bolsas de trabajo de especialidades convocadas y especialidades","breadcrumb":{"@id":"https:\/\/www.campuseducacion.com\/blog\/interinos\/maestros-interinos-castilla-la-mancha-asignacion-definitiva-de-las-bolsas-de-trabajo\/#breadcrumb"},"inLanguage":"es","potentialAction":[{"@type":"ReadAction","target":["https:\/\/www.campuseducacion.com\/blog\/interinos\/maestros-interinos-castilla-la-mancha-asignacion-definitiva-de-las-bolsas-de-trabajo\/"]}]},{"@type":"ImageObject","inLanguage":"es","@id":"https:\/\/www.campuseducacion.com\/blog\/interinos\/maestros-interinos-castilla-la-mancha-asignacion-definitiva-de-las-bolsas-de-trabajo\/#primaryimage","url":"https:\/\/www.campuseducacion.com\/blog\/wp-content\/uploads\/2016\/02\/01-castilla-la-mancha-1.jpg","contentUrl":"https:\/\/www.campuseducacion.com\/blog\/wp-content\/uploads\/2016\/02\/01-castilla-la-mancha-1.jpg","width":1200,"height":627,"caption":"bandera castilla-la mancha"},{"@type":"BreadcrumbList","@id":"https:\/\/www.campuseducacion.com\/blog\/interinos\/maestros-interinos-castilla-la-mancha-asignacion-definitiva-de-las-bolsas-de-trabajo\/#breadcrumb","itemListElement":[{"@type":"ListItem","position":1,"name":"Portada","item":"https:\/\/www.campuseducacion.com\/blog\/"},{"@type":"ListItem","position":2,"name":"Maestros Interinos Castilla &#8211; La Mancha: asignaci\u00f3n definitiva de las bolsas de trabajo"}]},{"@type":"WebSite","@id":"https:\/\/www.campuseducacion.com\/blog\/#website","url":"https:\/\/www.campuseducacion.com\/blog\/","name":"BLOG Noticias Oposiciones y bolsas Trabajo Interinos. Campuseducacion.com","description":"Actualidad en Oposiciones Maestros de Infantil Primaria y Profesores Secundaria","potentialAction":[{"@type":"SearchAction","target":{"@type":"EntryPoint","urlTemplate":"https:\/\/www.campuseducacion.com\/blog\/?s={search_term_string}"},"query-input":{"@type":"PropertyValueSpecification","valueRequired":true,"valueName":"search_term_string"}}],"inLanguage":"es"},{"@type":"Person","@id":"https:\/\/www.campuseducacion.com\/blog\/#\/schema\/person\/62fa9d1bd01a38844a0fea68cbbc9f3f","name":"Campuseducacion.com","image":{"@type":"ImageObject","inLanguage":"es","@id":"https:\/\/www.campuseducacion.com\/blog\/wp-content\/uploads\/2013\/05\/LogoCampusEducacionCuadrado_125px.png","url":"https:\/\/www.campuseducacion.com\/blog\/wp-content\/uploads\/2013\/05\/LogoCampusEducacionCuadrado_125px.png","contentUrl":"https:\/\/www.campuseducacion.com\/blog\/wp-content\/uploads\/2013\/05\/LogoCampusEducacionCuadrado_125px.png","caption":"Campuseducacion.com"},"description":"Campuseducacion.com te ofrece una amplia oferta en cursos homologados a distancia on-line para Oposiciones: cursos v\u00e1lidos para m\u00e9ritos en las Oposiciones de Maestros en Educaci\u00f3n Infantil y Primaria, y Profesores de Educaci\u00f3n Secundaria. Completa tu formaci\u00f3n Tambi\u00e9n para Sexenios y Concurso General de Traslados. Ahora puedes realizar formaci\u00f3n de postgrado para el profesorado con nuestros M\u00e1steres Oficiales Universitarios (1 punto para oposiciones y 3 puntos en Concurso General de Traslados). Consigue importantes descuentos con Campuseducacion.com en tu formaci\u00f3n homologada: 30% para afiliados a ANPE en cursos a distancia.","sameAs":["https:\/\/www.campuseducacion.com","https:\/\/www.facebook.com\/Campuseducacion.es","https:\/\/x.com\/https:\/\/twitter.com\/Campuseducacion"],"url":"https:\/\/www.campuseducacion.com\/blog\/autores\/adminopos\/"}]}},"amp_enabled":true,"_links":{"self":[{"href":"https:\/\/www.campuseducacion.com\/blog\/wp-json\/wp\/v2\/posts\/5681","targetHints":{"allow":["GET"]}}],"collection":[{"href":"https:\/\/www.campuseducacion.com\/blog\/wp-json\/wp\/v2\/posts"}],"about":[{"href":"https:\/\/www.campuseducacion.com\/blog\/wp-json\/wp\/v2\/types\/post"}],"author":[{"embeddable":true,"href":"https:\/\/www.campuseducacion.com\/blog\/wp-json\/wp\/v2\/users\/2"}],"replies":[{"embeddable":true,"href":"https:\/\/www.campuseducacion.com\/blog\/wp-json\/wp\/v2\/comments?post=5681"}],"version-history":[{"count":5,"href":"https:\/\/www.campuseducacion.com\/blog\/wp-json\/wp\/v2\/posts\/5681\/revisions"}],"predecessor-version":[{"id":11668,"href":"https:\/\/www.campuseducacion.com\/blog\/wp-json\/wp\/v2\/posts\/5681\/revisions\/11668"}],"wp:featuredmedia":[{"embeddable":true,"href":"https:\/\/www.campuseducacion.com\/blog\/wp-json\/wp\/v2\/media\/6099"}],"wp:attachment":[{"href":"https:\/\/www.campuseducacion.com\/blog\/wp-json\/wp\/v2\/media?parent=5681"}],"wp:term":[{"taxonomy":"category","embeddable":true,"href":"https:\/\/www.campuseducacion.com\/blog\/wp-json\/wp\/v2\/categories?post=5681"},{"taxonomy":"post_tag","embeddable":true,"href":"https:\/\/www.campuseducacion.com\/blog\/wp-json\/wp\/v2\/tags?post=5681"}],"curies":[{"name":"wp","href":"https:\/\/api.w.org\/{rel}","templated":true}]}}