{"id":5873,"date":"2015-11-12T13:17:56","date_gmt":"2015-11-12T12:17:56","guid":{"rendered":"http:\/\/www.campuseducacion.com\/oposiciones\/?p=5873"},"modified":"2018-12-20T20:14:08","modified_gmt":"2018-12-20T19:14:08","slug":"oposiciones-2016-madrid-se-convocaran-oposiciones-para-los-cuerpos-de-ensenanzas-medias","status":"publish","type":"post","link":"https:\/\/www.campuseducacion.com\/blog\/oposiciones\/comunidades\/madrid\/oposiciones-2016-madrid-se-convocaran-oposiciones-para-los-cuerpos-de-ensenanzas-medias\/","title":{"rendered":"Oposiciones 2016 Madrid: se convocar\u00e1n oposiciones para los cuerpos de Ense\u00f1anzas Medias"},"content":{"rendered":"<p><strong>Oposiciones 2016<\/strong> en la Comunidad de <strong>Madrid<\/strong>: Educaci\u00f3n anuncia que <strong>convocar\u00e1 oposiciones el pr\u00f3ximo a\u00f1o<\/strong> para los cuerpos de <strong>Ense\u00f1anzas Medias<\/strong>.<!--more--><\/p>\n<p>En la pr\u00f3xima mesa sectorial se tratar\u00e1n las especialidades y n\u00famero de plazas a convocar y se ha propuesto volver al sistema de alternancia, para que cada a\u00f1o solo se convoquen oposiciones de Primaria o bien de Secundaria, Formaci\u00f3n Profesional y Ense\u00f1anzas Especiales.<\/p>\n<p>&nbsp;<\/p>\n<p>Fuente: <a href=\"http:\/\/www.lavanguardia.com\/local\/madrid\/20151106\/54438698474\/educacion-convocara-oposiciones-para-profesores-de-secundaria-en-2016.html\" target=\"_blank\" rel=\"noopener\">lavanguardia.com<\/a><\/p>\n\n\n<div class=\"kk-star-ratings kksr-auto kksr-align-left kksr-valign-bottom\"\n    data-payload='{&quot;align&quot;:&quot;left&quot;,&quot;id&quot;:&quot;5873&quot;,&quot;slug&quot;:&quot;default&quot;,&quot;valign&quot;:&quot;bottom&quot;,&quot;ignore&quot;:&quot;&quot;,&quot;reference&quot;:&quot;auto&quot;,&quot;class&quot;:&quot;&quot;,&quot;count&quot;:&quot;96&quot;,&quot;legendonly&quot;:&quot;&quot;,&quot;readonly&quot;:&quot;&quot;,&quot;score&quot;:&quot;4.4&quot;,&quot;starsonly&quot;:&quot;&quot;,&quot;best&quot;:&quot;5&quot;,&quot;gap&quot;:&quot;5&quot;,&quot;greet&quot;:&quot;&quot;,&quot;legend&quot;:&quot;4.4\\\/5 - (96 votos)&quot;,&quot;size&quot;:&quot;15&quot;,&quot;title&quot;:&quot;Oposiciones 2016 Madrid: se convocar\u00e1n oposiciones para los cuerpos de Ense\u00f1anzas Medias&quot;,&quot;width&quot;:&quot;85.5&quot;,&quot;_legend&quot;:&quot;{score}\\\/{best} - ({count} {votes})&quot;,&quot;font_factor&quot;:&quot;1.25&quot;}'>\n            \n<div class=\"kksr-stars\">\n    \n<div class=\"kksr-stars-inactive\">\n            <div class=\"kksr-star\" data-star=\"1\" style=\"padding-right: 5px\">\n            \n\n<div class=\"kksr-icon\" style=\"width: 15px; height: 15px;\"><\/div>\n        <\/div>\n            <div class=\"kksr-star\" data-star=\"2\" style=\"padding-right: 5px\">\n            \n\n<div class=\"kksr-icon\" style=\"width: 15px; height: 15px;\"><\/div>\n        <\/div>\n            <div class=\"kksr-star\" data-star=\"3\" style=\"padding-right: 5px\">\n            \n\n<div class=\"kksr-icon\" style=\"width: 15px; height: 15px;\"><\/div>\n        <\/div>\n            <div class=\"kksr-star\" data-star=\"4\" style=\"padding-right: 5px\">\n            \n\n<div class=\"kksr-icon\" style=\"width: 15px; height: 15px;\"><\/div>\n        <\/div>\n            <div class=\"kksr-star\" data-star=\"5\" style=\"padding-right: 5px\">\n            \n\n<div class=\"kksr-icon\" style=\"width: 15px; height: 15px;\"><\/div>\n        <\/div>\n    <\/div>\n    \n<div class=\"kksr-stars-active\" style=\"width: 85.5px;\">\n            <div class=\"kksr-star\" style=\"padding-right: 5px\">\n            \n\n<div class=\"kksr-icon\" style=\"width: 15px; height: 15px;\"><\/div>\n        <\/div>\n            <div class=\"kksr-star\" style=\"padding-right: 5px\">\n            \n\n<div class=\"kksr-icon\" style=\"width: 15px; height: 15px;\"><\/div>\n        <\/div>\n            <div class=\"kksr-star\" style=\"padding-right: 5px\">\n            \n\n<div class=\"kksr-icon\" style=\"width: 15px; height: 15px;\"><\/div>\n        <\/div>\n            <div class=\"kksr-star\" style=\"padding-right: 5px\">\n            \n\n<div class=\"kksr-icon\" style=\"width: 15px; height: 15px;\"><\/div>\n        <\/div>\n            <div class=\"kksr-star\" style=\"padding-right: 5px\">\n            \n\n<div class=\"kksr-icon\" style=\"width: 15px; height: 15px;\"><\/div>\n        <\/div>\n    <\/div>\n<\/div>\n                \n\n<div class=\"kksr-legend\" style=\"font-size: 12px;\">\n            4.4\/5 - (96 votos)    <\/div>\n    <\/div>\n","protected":false},"excerpt":{"rendered":"<p>Oposiciones 2016 en la Comunidad de Madrid: Educaci\u00f3n anuncia que convocar\u00e1 oposiciones el pr\u00f3ximo a\u00f1o para los cuerpos de Ense\u00f1anzas Medias.<\/p>\n","protected":false},"author":2,"featured_media":6112,"comment_status":"open","ping_status":"open","sticky":false,"template":"","format":"imagen","meta":{"tdm_status":"","tdm_grid_status":"","footnotes":""},"categories":[47,5,716],"tags":[490,298],"class_list":{"0":"post-5873","1":"post","2":"type-post","3":"status-publish","4":"format-imagen","5":"has-post-thumbnail","7":"category-oposiciones","8":"category-madrid","9":"category-oposiciones-secundaria-2016","10":"tag-oferta-de-empleo-publico","11":"tag-plazas","12":"post_format-imagen"},"yoast_head":"<!-- This site is optimized with the Yoast SEO plugin v27.4 - https:\/\/yoast.com\/product\/yoast-seo-wordpress\/ -->\n<title>Oposiciones 2016 Madrid: se convocar\u00e1n oposiciones para los cuerpos de Ense\u00f1anzas Medias - Campuseducacion.com<\/title>\n<meta name=\"description\" content=\"Oposiciones 2016 en la Comunidad de Madrid: Educaci\u00f3n anuncia que convocar\u00e1 oposiciones el pr\u00f3ximo a\u00f1o para los cuerpos de Ense\u00f1anzas Medias. En la\" \/>\n<meta name=\"robots\" content=\"index, follow, max-snippet:-1, max-image-preview:large, max-video-preview:-1\" \/>\n<link rel=\"canonical\" href=\"https:\/\/www.campuseducacion.com\/blog\/oposiciones\/comunidades\/madrid\/oposiciones-2016-madrid-se-convocaran-oposiciones-para-los-cuerpos-de-ensenanzas-medias\/\" \/>\n<meta property=\"og:locale\" content=\"es_ES\" \/>\n<meta property=\"og:type\" content=\"article\" \/>\n<meta property=\"og:title\" content=\"Oposiciones 2016 Madrid: se convocar\u00e1n oposiciones para los cuerpos de Ense\u00f1anzas Medias - Campuseducacion.com\" \/>\n<meta property=\"og:description\" content=\"Oposiciones 2016 en la Comunidad de Madrid: Educaci\u00f3n anuncia que convocar\u00e1 oposiciones el pr\u00f3ximo a\u00f1o para los cuerpos de Ense\u00f1anzas Medias. En la\" \/>\n<meta property=\"og:url\" content=\"https:\/\/www.campuseducacion.com\/blog\/oposiciones\/comunidades\/madrid\/oposiciones-2016-madrid-se-convocaran-oposiciones-para-los-cuerpos-de-ensenanzas-medias\/\" \/>\n<meta property=\"og:site_name\" content=\"BLOG Noticias Oposiciones y bolsas Trabajo Interinos. Campuseducacion.com\" \/>\n<meta property=\"article:publisher\" content=\"https:\/\/www.facebook.com\/Campuseducacion.es\" \/>\n<meta property=\"article:author\" content=\"https:\/\/www.facebook.com\/Campuseducacion.es\" \/>\n<meta property=\"article:published_time\" content=\"2015-11-12T12:17:56+00:00\" \/>\n<meta property=\"article:modified_time\" content=\"2018-12-20T19:14:08+00:00\" \/>\n<meta property=\"og:image\" content=\"https:\/\/www.campuseducacion.com\/blog\/wp-content\/uploads\/2016\/02\/14-madrid-1.jpg\" \/>\n\t<meta property=\"og:image:width\" content=\"1200\" \/>\n\t<meta property=\"og:image:height\" content=\"627\" \/>\n\t<meta property=\"og:image:type\" content=\"image\/jpeg\" \/>\n<meta name=\"author\" content=\"Campuseducacion.com\" \/>\n<meta name=\"twitter:card\" content=\"summary_large_image\" \/>\n<meta name=\"twitter:creator\" content=\"@https:\/\/twitter.com\/Campuseducacion\" \/>\n<meta name=\"twitter:site\" content=\"@Campuseducacion\" \/>\n<meta name=\"twitter:label1\" content=\"Escrito por\" \/>\n\t<meta name=\"twitter:data1\" content=\"Campuseducacion.com\" \/>\n<script type=\"application\/ld+json\" class=\"yoast-schema-graph\">{\"@context\":\"https:\\\/\\\/schema.org\",\"@graph\":[{\"@type\":\"Article\",\"@id\":\"https:\\\/\\\/www.campuseducacion.com\\\/blog\\\/oposiciones\\\/comunidades\\\/madrid\\\/oposiciones-2016-madrid-se-convocaran-oposiciones-para-los-cuerpos-de-ensenanzas-medias\\\/#article\",\"isPartOf\":{\"@id\":\"https:\\\/\\\/www.campuseducacion.com\\\/blog\\\/oposiciones\\\/comunidades\\\/madrid\\\/oposiciones-2016-madrid-se-convocaran-oposiciones-para-los-cuerpos-de-ensenanzas-medias\\\/\"},\"author\":{\"name\":\"Campuseducacion.com\",\"@id\":\"https:\\\/\\\/www.campuseducacion.com\\\/blog\\\/#\\\/schema\\\/person\\\/62fa9d1bd01a38844a0fea68cbbc9f3f\"},\"headline\":\"Oposiciones 2016 Madrid: se convocar\u00e1n oposiciones para los cuerpos de Ense\u00f1anzas Medias\",\"datePublished\":\"2015-11-12T12:17:56+00:00\",\"dateModified\":\"2018-12-20T19:14:08+00:00\",\"mainEntityOfPage\":{\"@id\":\"https:\\\/\\\/www.campuseducacion.com\\\/blog\\\/oposiciones\\\/comunidades\\\/madrid\\\/oposiciones-2016-madrid-se-convocaran-oposiciones-para-los-cuerpos-de-ensenanzas-medias\\\/\"},\"wordCount\":90,\"commentCount\":0,\"image\":{\"@id\":\"https:\\\/\\\/www.campuseducacion.com\\\/blog\\\/oposiciones\\\/comunidades\\\/madrid\\\/oposiciones-2016-madrid-se-convocaran-oposiciones-para-los-cuerpos-de-ensenanzas-medias\\\/#primaryimage\"},\"thumbnailUrl\":\"https:\\\/\\\/www.campuseducacion.com\\\/blog\\\/wp-content\\\/uploads\\\/2016\\\/02\\\/14-madrid-1.jpg\",\"keywords\":[\"oferta de empleo p\u00fablico\",\"plazas\"],\"articleSection\":[\"Noticias OPOSICIONES de Maestros y Profesores\",\"Oposiciones Madrid\",\"Oposiciones Secundaria 2016\"],\"inLanguage\":\"es\",\"potentialAction\":[{\"@type\":\"CommentAction\",\"name\":\"Comment\",\"target\":[\"https:\\\/\\\/www.campuseducacion.com\\\/blog\\\/oposiciones\\\/comunidades\\\/madrid\\\/oposiciones-2016-madrid-se-convocaran-oposiciones-para-los-cuerpos-de-ensenanzas-medias\\\/#respond\"]}]},{\"@type\":\"WebPage\",\"@id\":\"https:\\\/\\\/www.campuseducacion.com\\\/blog\\\/oposiciones\\\/comunidades\\\/madrid\\\/oposiciones-2016-madrid-se-convocaran-oposiciones-para-los-cuerpos-de-ensenanzas-medias\\\/\",\"url\":\"https:\\\/\\\/www.campuseducacion.com\\\/blog\\\/oposiciones\\\/comunidades\\\/madrid\\\/oposiciones-2016-madrid-se-convocaran-oposiciones-para-los-cuerpos-de-ensenanzas-medias\\\/\",\"name\":\"Oposiciones 2016 Madrid: se convocar\u00e1n oposiciones para los cuerpos de Ense\u00f1anzas Medias - Campuseducacion.com\",\"isPartOf\":{\"@id\":\"https:\\\/\\\/www.campuseducacion.com\\\/blog\\\/#website\"},\"primaryImageOfPage\":{\"@id\":\"https:\\\/\\\/www.campuseducacion.com\\\/blog\\\/oposiciones\\\/comunidades\\\/madrid\\\/oposiciones-2016-madrid-se-convocaran-oposiciones-para-los-cuerpos-de-ensenanzas-medias\\\/#primaryimage\"},\"image\":{\"@id\":\"https:\\\/\\\/www.campuseducacion.com\\\/blog\\\/oposiciones\\\/comunidades\\\/madrid\\\/oposiciones-2016-madrid-se-convocaran-oposiciones-para-los-cuerpos-de-ensenanzas-medias\\\/#primaryimage\"},\"thumbnailUrl\":\"https:\\\/\\\/www.campuseducacion.com\\\/blog\\\/wp-content\\\/uploads\\\/2016\\\/02\\\/14-madrid-1.jpg\",\"datePublished\":\"2015-11-12T12:17:56+00:00\",\"dateModified\":\"2018-12-20T19:14:08+00:00\",\"author\":{\"@id\":\"https:\\\/\\\/www.campuseducacion.com\\\/blog\\\/#\\\/schema\\\/person\\\/62fa9d1bd01a38844a0fea68cbbc9f3f\"},\"description\":\"Oposiciones 2016 en la Comunidad de Madrid: Educaci\u00f3n anuncia que convocar\u00e1 oposiciones el pr\u00f3ximo a\u00f1o para los cuerpos de Ense\u00f1anzas Medias. En la\",\"breadcrumb\":{\"@id\":\"https:\\\/\\\/www.campuseducacion.com\\\/blog\\\/oposiciones\\\/comunidades\\\/madrid\\\/oposiciones-2016-madrid-se-convocaran-oposiciones-para-los-cuerpos-de-ensenanzas-medias\\\/#breadcrumb\"},\"inLanguage\":\"es\",\"potentialAction\":[{\"@type\":\"ReadAction\",\"target\":[\"https:\\\/\\\/www.campuseducacion.com\\\/blog\\\/oposiciones\\\/comunidades\\\/madrid\\\/oposiciones-2016-madrid-se-convocaran-oposiciones-para-los-cuerpos-de-ensenanzas-medias\\\/\"]}]},{\"@type\":\"ImageObject\",\"inLanguage\":\"es\",\"@id\":\"https:\\\/\\\/www.campuseducacion.com\\\/blog\\\/oposiciones\\\/comunidades\\\/madrid\\\/oposiciones-2016-madrid-se-convocaran-oposiciones-para-los-cuerpos-de-ensenanzas-medias\\\/#primaryimage\",\"url\":\"https:\\\/\\\/www.campuseducacion.com\\\/blog\\\/wp-content\\\/uploads\\\/2016\\\/02\\\/14-madrid-1.jpg\",\"contentUrl\":\"https:\\\/\\\/www.campuseducacion.com\\\/blog\\\/wp-content\\\/uploads\\\/2016\\\/02\\\/14-madrid-1.jpg\",\"width\":1200,\"height\":627,\"caption\":\"bandera madrid\"},{\"@type\":\"BreadcrumbList\",\"@id\":\"https:\\\/\\\/www.campuseducacion.com\\\/blog\\\/oposiciones\\\/comunidades\\\/madrid\\\/oposiciones-2016-madrid-se-convocaran-oposiciones-para-los-cuerpos-de-ensenanzas-medias\\\/#breadcrumb\",\"itemListElement\":[{\"@type\":\"ListItem\",\"position\":1,\"name\":\"Portada\",\"item\":\"https:\\\/\\\/www.campuseducacion.com\\\/blog\\\/\"},{\"@type\":\"ListItem\",\"position\":2,\"name\":\"Oposiciones 2016 Madrid: se convocar\u00e1n oposiciones para los cuerpos de Ense\u00f1anzas Medias\"}]},{\"@type\":\"WebSite\",\"@id\":\"https:\\\/\\\/www.campuseducacion.com\\\/blog\\\/#website\",\"url\":\"https:\\\/\\\/www.campuseducacion.com\\\/blog\\\/\",\"name\":\"BLOG Noticias Oposiciones y bolsas Trabajo Interinos. Campuseducacion.com\",\"description\":\"Actualidad en Oposiciones Maestros de Infantil Primaria y Profesores Secundaria\",\"potentialAction\":[{\"@type\":\"SearchAction\",\"target\":{\"@type\":\"EntryPoint\",\"urlTemplate\":\"https:\\\/\\\/www.campuseducacion.com\\\/blog\\\/?s={search_term_string}\"},\"query-input\":{\"@type\":\"PropertyValueSpecification\",\"valueRequired\":true,\"valueName\":\"search_term_string\"}}],\"inLanguage\":\"es\"},{\"@type\":\"Person\",\"@id\":\"https:\\\/\\\/www.campuseducacion.com\\\/blog\\\/#\\\/schema\\\/person\\\/62fa9d1bd01a38844a0fea68cbbc9f3f\",\"name\":\"Campuseducacion.com\",\"image\":{\"@type\":\"ImageObject\",\"inLanguage\":\"es\",\"@id\":\"https:\\\/\\\/www.campuseducacion.com\\\/blog\\\/wp-content\\\/uploads\\\/2013\\\/05\\\/LogoCampusEducacionCuadrado_125px.png\",\"url\":\"https:\\\/\\\/www.campuseducacion.com\\\/blog\\\/wp-content\\\/uploads\\\/2013\\\/05\\\/LogoCampusEducacionCuadrado_125px.png\",\"contentUrl\":\"https:\\\/\\\/www.campuseducacion.com\\\/blog\\\/wp-content\\\/uploads\\\/2013\\\/05\\\/LogoCampusEducacionCuadrado_125px.png\",\"caption\":\"Campuseducacion.com\"},\"description\":\"Campuseducacion.com te ofrece una amplia oferta en cursos homologados a distancia on-line para Oposiciones: cursos v\u00e1lidos para m\u00e9ritos en las Oposiciones de Maestros en Educaci\u00f3n Infantil y Primaria, y Profesores de Educaci\u00f3n Secundaria. Completa tu formaci\u00f3n Tambi\u00e9n para Sexenios y Concurso General de Traslados. Ahora puedes realizar formaci\u00f3n de postgrado para el profesorado con nuestros M\u00e1steres Oficiales Universitarios (1 punto para oposiciones y 3 puntos en Concurso General de Traslados). Consigue importantes descuentos con Campuseducacion.com en tu formaci\u00f3n homologada: 30% para afiliados a ANPE en cursos a distancia.\",\"sameAs\":[\"https:\\\/\\\/www.campuseducacion.com\",\"https:\\\/\\\/www.facebook.com\\\/Campuseducacion.es\",\"https:\\\/\\\/x.com\\\/https:\\\/\\\/twitter.com\\\/Campuseducacion\"],\"url\":\"https:\\\/\\\/www.campuseducacion.com\\\/blog\\\/autores\\\/adminopos\\\/\"}]}<\/script>\n<!-- \/ Yoast SEO plugin. -->","yoast_head_json":{"title":"Oposiciones 2016 Madrid: se convocar\u00e1n oposiciones para los cuerpos de Ense\u00f1anzas Medias - Campuseducacion.com","description":"Oposiciones 2016 en la Comunidad de Madrid: Educaci\u00f3n anuncia que convocar\u00e1 oposiciones el pr\u00f3ximo a\u00f1o para los cuerpos de Ense\u00f1anzas Medias. En la","robots":{"index":"index","follow":"follow","max-snippet":"max-snippet:-1","max-image-preview":"max-image-preview:large","max-video-preview":"max-video-preview:-1"},"canonical":"https:\/\/www.campuseducacion.com\/blog\/oposiciones\/comunidades\/madrid\/oposiciones-2016-madrid-se-convocaran-oposiciones-para-los-cuerpos-de-ensenanzas-medias\/","og_locale":"es_ES","og_type":"article","og_title":"Oposiciones 2016 Madrid: se convocar\u00e1n oposiciones para los cuerpos de Ense\u00f1anzas Medias - Campuseducacion.com","og_description":"Oposiciones 2016 en la Comunidad de Madrid: Educaci\u00f3n anuncia que convocar\u00e1 oposiciones el pr\u00f3ximo a\u00f1o para los cuerpos de Ense\u00f1anzas Medias. En la","og_url":"https:\/\/www.campuseducacion.com\/blog\/oposiciones\/comunidades\/madrid\/oposiciones-2016-madrid-se-convocaran-oposiciones-para-los-cuerpos-de-ensenanzas-medias\/","og_site_name":"BLOG Noticias Oposiciones y bolsas Trabajo Interinos. Campuseducacion.com","article_publisher":"https:\/\/www.facebook.com\/Campuseducacion.es","article_author":"https:\/\/www.facebook.com\/Campuseducacion.es","article_published_time":"2015-11-12T12:17:56+00:00","article_modified_time":"2018-12-20T19:14:08+00:00","og_image":[{"width":1200,"height":627,"url":"https:\/\/www.campuseducacion.com\/blog\/wp-content\/uploads\/2016\/02\/14-madrid-1.jpg","type":"image\/jpeg"}],"author":"Campuseducacion.com","twitter_card":"summary_large_image","twitter_creator":"@https:\/\/twitter.com\/Campuseducacion","twitter_site":"@Campuseducacion","twitter_misc":{"Escrito por":"Campuseducacion.com"},"schema":{"@context":"https:\/\/schema.org","@graph":[{"@type":"Article","@id":"https:\/\/www.campuseducacion.com\/blog\/oposiciones\/comunidades\/madrid\/oposiciones-2016-madrid-se-convocaran-oposiciones-para-los-cuerpos-de-ensenanzas-medias\/#article","isPartOf":{"@id":"https:\/\/www.campuseducacion.com\/blog\/oposiciones\/comunidades\/madrid\/oposiciones-2016-madrid-se-convocaran-oposiciones-para-los-cuerpos-de-ensenanzas-medias\/"},"author":{"name":"Campuseducacion.com","@id":"https:\/\/www.campuseducacion.com\/blog\/#\/schema\/person\/62fa9d1bd01a38844a0fea68cbbc9f3f"},"headline":"Oposiciones 2016 Madrid: se convocar\u00e1n oposiciones para los cuerpos de Ense\u00f1anzas Medias","datePublished":"2015-11-12T12:17:56+00:00","dateModified":"2018-12-20T19:14:08+00:00","mainEntityOfPage":{"@id":"https:\/\/www.campuseducacion.com\/blog\/oposiciones\/comunidades\/madrid\/oposiciones-2016-madrid-se-convocaran-oposiciones-para-los-cuerpos-de-ensenanzas-medias\/"},"wordCount":90,"commentCount":0,"image":{"@id":"https:\/\/www.campuseducacion.com\/blog\/oposiciones\/comunidades\/madrid\/oposiciones-2016-madrid-se-convocaran-oposiciones-para-los-cuerpos-de-ensenanzas-medias\/#primaryimage"},"thumbnailUrl":"https:\/\/www.campuseducacion.com\/blog\/wp-content\/uploads\/2016\/02\/14-madrid-1.jpg","keywords":["oferta de empleo p\u00fablico","plazas"],"articleSection":["Noticias OPOSICIONES de Maestros y Profesores","Oposiciones Madrid","Oposiciones Secundaria 2016"],"inLanguage":"es","potentialAction":[{"@type":"CommentAction","name":"Comment","target":["https:\/\/www.campuseducacion.com\/blog\/oposiciones\/comunidades\/madrid\/oposiciones-2016-madrid-se-convocaran-oposiciones-para-los-cuerpos-de-ensenanzas-medias\/#respond"]}]},{"@type":"WebPage","@id":"https:\/\/www.campuseducacion.com\/blog\/oposiciones\/comunidades\/madrid\/oposiciones-2016-madrid-se-convocaran-oposiciones-para-los-cuerpos-de-ensenanzas-medias\/","url":"https:\/\/www.campuseducacion.com\/blog\/oposiciones\/comunidades\/madrid\/oposiciones-2016-madrid-se-convocaran-oposiciones-para-los-cuerpos-de-ensenanzas-medias\/","name":"Oposiciones 2016 Madrid: se convocar\u00e1n oposiciones para los cuerpos de Ense\u00f1anzas Medias - Campuseducacion.com","isPartOf":{"@id":"https:\/\/www.campuseducacion.com\/blog\/#website"},"primaryImageOfPage":{"@id":"https:\/\/www.campuseducacion.com\/blog\/oposiciones\/comunidades\/madrid\/oposiciones-2016-madrid-se-convocaran-oposiciones-para-los-cuerpos-de-ensenanzas-medias\/#primaryimage"},"image":{"@id":"https:\/\/www.campuseducacion.com\/blog\/oposiciones\/comunidades\/madrid\/oposiciones-2016-madrid-se-convocaran-oposiciones-para-los-cuerpos-de-ensenanzas-medias\/#primaryimage"},"thumbnailUrl":"https:\/\/www.campuseducacion.com\/blog\/wp-content\/uploads\/2016\/02\/14-madrid-1.jpg","datePublished":"2015-11-12T12:17:56+00:00","dateModified":"2018-12-20T19:14:08+00:00","author":{"@id":"https:\/\/www.campuseducacion.com\/blog\/#\/schema\/person\/62fa9d1bd01a38844a0fea68cbbc9f3f"},"description":"Oposiciones 2016 en la Comunidad de Madrid: Educaci\u00f3n anuncia que convocar\u00e1 oposiciones el pr\u00f3ximo a\u00f1o para los cuerpos de Ense\u00f1anzas Medias. En la","breadcrumb":{"@id":"https:\/\/www.campuseducacion.com\/blog\/oposiciones\/comunidades\/madrid\/oposiciones-2016-madrid-se-convocaran-oposiciones-para-los-cuerpos-de-ensenanzas-medias\/#breadcrumb"},"inLanguage":"es","potentialAction":[{"@type":"ReadAction","target":["https:\/\/www.campuseducacion.com\/blog\/oposiciones\/comunidades\/madrid\/oposiciones-2016-madrid-se-convocaran-oposiciones-para-los-cuerpos-de-ensenanzas-medias\/"]}]},{"@type":"ImageObject","inLanguage":"es","@id":"https:\/\/www.campuseducacion.com\/blog\/oposiciones\/comunidades\/madrid\/oposiciones-2016-madrid-se-convocaran-oposiciones-para-los-cuerpos-de-ensenanzas-medias\/#primaryimage","url":"https:\/\/www.campuseducacion.com\/blog\/wp-content\/uploads\/2016\/02\/14-madrid-1.jpg","contentUrl":"https:\/\/www.campuseducacion.com\/blog\/wp-content\/uploads\/2016\/02\/14-madrid-1.jpg","width":1200,"height":627,"caption":"bandera madrid"},{"@type":"BreadcrumbList","@id":"https:\/\/www.campuseducacion.com\/blog\/oposiciones\/comunidades\/madrid\/oposiciones-2016-madrid-se-convocaran-oposiciones-para-los-cuerpos-de-ensenanzas-medias\/#breadcrumb","itemListElement":[{"@type":"ListItem","position":1,"name":"Portada","item":"https:\/\/www.campuseducacion.com\/blog\/"},{"@type":"ListItem","position":2,"name":"Oposiciones 2016 Madrid: se convocar\u00e1n oposiciones para los cuerpos de Ense\u00f1anzas Medias"}]},{"@type":"WebSite","@id":"https:\/\/www.campuseducacion.com\/blog\/#website","url":"https:\/\/www.campuseducacion.com\/blog\/","name":"BLOG Noticias Oposiciones y bolsas Trabajo Interinos. Campuseducacion.com","description":"Actualidad en Oposiciones Maestros de Infantil Primaria y Profesores Secundaria","potentialAction":[{"@type":"SearchAction","target":{"@type":"EntryPoint","urlTemplate":"https:\/\/www.campuseducacion.com\/blog\/?s={search_term_string}"},"query-input":{"@type":"PropertyValueSpecification","valueRequired":true,"valueName":"search_term_string"}}],"inLanguage":"es"},{"@type":"Person","@id":"https:\/\/www.campuseducacion.com\/blog\/#\/schema\/person\/62fa9d1bd01a38844a0fea68cbbc9f3f","name":"Campuseducacion.com","image":{"@type":"ImageObject","inLanguage":"es","@id":"https:\/\/www.campuseducacion.com\/blog\/wp-content\/uploads\/2013\/05\/LogoCampusEducacionCuadrado_125px.png","url":"https:\/\/www.campuseducacion.com\/blog\/wp-content\/uploads\/2013\/05\/LogoCampusEducacionCuadrado_125px.png","contentUrl":"https:\/\/www.campuseducacion.com\/blog\/wp-content\/uploads\/2013\/05\/LogoCampusEducacionCuadrado_125px.png","caption":"Campuseducacion.com"},"description":"Campuseducacion.com te ofrece una amplia oferta en cursos homologados a distancia on-line para Oposiciones: cursos v\u00e1lidos para m\u00e9ritos en las Oposiciones de Maestros en Educaci\u00f3n Infantil y Primaria, y Profesores de Educaci\u00f3n Secundaria. Completa tu formaci\u00f3n Tambi\u00e9n para Sexenios y Concurso General de Traslados. Ahora puedes realizar formaci\u00f3n de postgrado para el profesorado con nuestros M\u00e1steres Oficiales Universitarios (1 punto para oposiciones y 3 puntos en Concurso General de Traslados). Consigue importantes descuentos con Campuseducacion.com en tu formaci\u00f3n homologada: 30% para afiliados a ANPE en cursos a distancia.","sameAs":["https:\/\/www.campuseducacion.com","https:\/\/www.facebook.com\/Campuseducacion.es","https:\/\/x.com\/https:\/\/twitter.com\/Campuseducacion"],"url":"https:\/\/www.campuseducacion.com\/blog\/autores\/adminopos\/"}]}},"amp_enabled":true,"_links":{"self":[{"href":"https:\/\/www.campuseducacion.com\/blog\/wp-json\/wp\/v2\/posts\/5873","targetHints":{"allow":["GET"]}}],"collection":[{"href":"https:\/\/www.campuseducacion.com\/blog\/wp-json\/wp\/v2\/posts"}],"about":[{"href":"https:\/\/www.campuseducacion.com\/blog\/wp-json\/wp\/v2\/types\/post"}],"author":[{"embeddable":true,"href":"https:\/\/www.campuseducacion.com\/blog\/wp-json\/wp\/v2\/users\/2"}],"replies":[{"embeddable":true,"href":"https:\/\/www.campuseducacion.com\/blog\/wp-json\/wp\/v2\/comments?post=5873"}],"version-history":[{"count":5,"href":"https:\/\/www.campuseducacion.com\/blog\/wp-json\/wp\/v2\/posts\/5873\/revisions"}],"predecessor-version":[{"id":11519,"href":"https:\/\/www.campuseducacion.com\/blog\/wp-json\/wp\/v2\/posts\/5873\/revisions\/11519"}],"wp:featuredmedia":[{"embeddable":true,"href":"https:\/\/www.campuseducacion.com\/blog\/wp-json\/wp\/v2\/media\/6112"}],"wp:attachment":[{"href":"https:\/\/www.campuseducacion.com\/blog\/wp-json\/wp\/v2\/media?parent=5873"}],"wp:term":[{"taxonomy":"category","embeddable":true,"href":"https:\/\/www.campuseducacion.com\/blog\/wp-json\/wp\/v2\/categories?post=5873"},{"taxonomy":"post_tag","embeddable":true,"href":"https:\/\/www.campuseducacion.com\/blog\/wp-json\/wp\/v2\/tags?post=5873"}],"curies":[{"name":"wp","href":"https:\/\/api.w.org\/{rel}","templated":true}]}}