{"id":7717,"date":"2016-09-16T18:56:10","date_gmt":"2016-09-16T16:56:10","guid":{"rendered":"http:\/\/www.campuseducacion.com\/blog\/?p=7717"},"modified":"2017-04-24T11:36:07","modified_gmt":"2017-04-24T09:36:07","slug":"profesores-interinos-castilla-y-leon-bolsa-de-trabajo-extraordinaria-para-latin","status":"publish","type":"post","link":"https:\/\/www.campuseducacion.com\/blog\/interinos\/profesores-interinos-castilla-y-leon-bolsa-de-trabajo-extraordinaria-para-latin\/","title":{"rendered":"Interinos Castilla y Le\u00f3n. Bolsa de trabajo extraordinaria Lat\u00edn"},"content":{"rendered":"<p>La Direcci\u00f3n Provincial de Educaci\u00f3n de Valladolid publica la <a href=\"http:\/\/www.educa.jcyl.es\/profesorado\/es\/interinos\/interinos-cuerpo-profesores-ensenanza-secundaria-cuerpos\/interinos-pes-curso-2016-2017\/interinos-curso-16-17-pes-cuerpos-convocatorias-extraordina\/interinos-curso-16-17-pes-cuerpos-cuerpo-profesores-ensenan.ficheros\/875920-0590-003_LATIN%20VALLADOLID%20-.pdf\">Resoluci\u00f3n de 15 de septiembre 2016 convocando la elaboraci\u00f3n de una lista extraordinaria de aspirantes, de \u00e1mbito auton\u00f3mico, para ocupar puestos docentes en r\u00e9gimen de interinidad en la especialidad de Lat\u00edn\u00a0del cuerpo de profesores de ense\u00f1anza secundaria<\/a>.<\/p>\n<p class=\"cmParagraph\"><strong>Plazo de presentaci\u00f3n de solicitudes:<\/strong><\/p>\n<p class=\"cmParagraph\">Del <strong>16 al 26 de septiembre<\/strong> de 2016.<\/p>\n<p class=\"cmParagraph\"><strong>Anexos que acompa\u00f1an a la Resoluci\u00f3n:<\/strong><\/p>\n<ul>\n<li>Modelo de solicitud.<\/li>\n<li>Baremo de m\u00e9ritos.<\/li>\n<li>Relaci\u00f3n de documentos.<\/li>\n<\/ul>\n\n\n<div class=\"kk-star-ratings kksr-auto kksr-align-left kksr-valign-bottom\"\n    data-payload='{&quot;align&quot;:&quot;left&quot;,&quot;id&quot;:&quot;7717&quot;,&quot;slug&quot;:&quot;default&quot;,&quot;valign&quot;:&quot;bottom&quot;,&quot;ignore&quot;:&quot;&quot;,&quot;reference&quot;:&quot;auto&quot;,&quot;class&quot;:&quot;&quot;,&quot;count&quot;:&quot;42&quot;,&quot;legendonly&quot;:&quot;&quot;,&quot;readonly&quot;:&quot;&quot;,&quot;score&quot;:&quot;4.5&quot;,&quot;starsonly&quot;:&quot;&quot;,&quot;best&quot;:&quot;5&quot;,&quot;gap&quot;:&quot;5&quot;,&quot;greet&quot;:&quot;&quot;,&quot;legend&quot;:&quot;4.5\\\/5 - (42 votos)&quot;,&quot;size&quot;:&quot;15&quot;,&quot;title&quot;:&quot;Interinos Castilla y Le\u00f3n. Bolsa de trabajo extraordinaria Lat\u00edn&quot;,&quot;width&quot;:&quot;87.5&quot;,&quot;_legend&quot;:&quot;{score}\\\/{best} - ({count} {votes})&quot;,&quot;font_factor&quot;:&quot;1.25&quot;}'>\n            \n<div class=\"kksr-stars\">\n    \n<div class=\"kksr-stars-inactive\">\n            <div class=\"kksr-star\" data-star=\"1\" style=\"padding-right: 5px\">\n            \n\n<div class=\"kksr-icon\" style=\"width: 15px; height: 15px;\"><\/div>\n        <\/div>\n            <div class=\"kksr-star\" data-star=\"2\" style=\"padding-right: 5px\">\n            \n\n<div class=\"kksr-icon\" style=\"width: 15px; height: 15px;\"><\/div>\n        <\/div>\n            <div class=\"kksr-star\" data-star=\"3\" style=\"padding-right: 5px\">\n            \n\n<div class=\"kksr-icon\" style=\"width: 15px; height: 15px;\"><\/div>\n        <\/div>\n            <div class=\"kksr-star\" data-star=\"4\" style=\"padding-right: 5px\">\n            \n\n<div class=\"kksr-icon\" style=\"width: 15px; height: 15px;\"><\/div>\n        <\/div>\n            <div class=\"kksr-star\" data-star=\"5\" style=\"padding-right: 5px\">\n            \n\n<div class=\"kksr-icon\" style=\"width: 15px; height: 15px;\"><\/div>\n        <\/div>\n    <\/div>\n    \n<div class=\"kksr-stars-active\" style=\"width: 87.5px;\">\n            <div class=\"kksr-star\" style=\"padding-right: 5px\">\n            \n\n<div class=\"kksr-icon\" style=\"width: 15px; height: 15px;\"><\/div>\n        <\/div>\n            <div class=\"kksr-star\" style=\"padding-right: 5px\">\n            \n\n<div class=\"kksr-icon\" style=\"width: 15px; height: 15px;\"><\/div>\n        <\/div>\n            <div class=\"kksr-star\" style=\"padding-right: 5px\">\n            \n\n<div class=\"kksr-icon\" style=\"width: 15px; height: 15px;\"><\/div>\n        <\/div>\n            <div class=\"kksr-star\" style=\"padding-right: 5px\">\n            \n\n<div class=\"kksr-icon\" style=\"width: 15px; height: 15px;\"><\/div>\n        <\/div>\n            <div class=\"kksr-star\" style=\"padding-right: 5px\">\n            \n\n<div class=\"kksr-icon\" style=\"width: 15px; height: 15px;\"><\/div>\n        <\/div>\n    <\/div>\n<\/div>\n                \n\n<div class=\"kksr-legend\" style=\"font-size: 12px;\">\n            4.5\/5 - (42 votos)    <\/div>\n    <\/div>\n","protected":false},"excerpt":{"rendered":"<p>La Direcci\u00f3n Provincial de Educaci\u00f3n de Valladolid publica la Resoluci\u00f3n de 15 de septiembre 2016 convocando la elaboraci\u00f3n de una lista extraordinaria de aspirantes, de \u00e1mbito auton\u00f3mico, para ocupar puestos docentes en r\u00e9gimen de interinidad en la especialidad de Lat\u00edn\u00a0del cuerpo de profesores de ense\u00f1anza secundaria. Plazo de presentaci\u00f3n de solicitudes: Del 16 al 26 [&hellip;]<\/p>\n","protected":false},"author":2,"featured_media":6229,"comment_status":"open","ping_status":"open","sticky":false,"template":"","format":"image","meta":{"tdm_status":"","tdm_grid_status":"","footnotes":""},"categories":[207,199,611,765,8],"tags":[],"class_list":{"0":"post-7717","1":"post","2":"type-post","3":"status-publish","4":"format-image","5":"has-post-thumbnail","7":"category-bolsas-castilla-y-leon","8":"category-bolsas-de-trabajo","9":"category-bolsas-trabajo-secundaria","10":"category-interinos","11":"category-castilla-y-leon","12":"post_format-post-format-image"},"yoast_head":"<!-- This site is optimized with the Yoast SEO plugin v27.4 - https:\/\/yoast.com\/product\/yoast-seo-wordpress\/ -->\n<title>Interinos Castilla y Le\u00f3n. Bolsa de trabajo extraordinaria Lat\u00edn - Campuseducacion.com<\/title>\n<meta name=\"description\" content=\"La Direcci\u00f3n Provincial de Educaci\u00f3n de Valladolid publica la Resoluci\u00f3n de 15 de septiembre 2016 convocando la elaboraci\u00f3n de una lista extraordinaria de\" \/>\n<meta name=\"robots\" content=\"index, follow, max-snippet:-1, max-image-preview:large, max-video-preview:-1\" \/>\n<link rel=\"canonical\" href=\"https:\/\/www.campuseducacion.com\/blog\/interinos\/profesores-interinos-castilla-y-leon-bolsa-de-trabajo-extraordinaria-para-latin\/\" \/>\n<meta property=\"og:locale\" content=\"es_ES\" \/>\n<meta property=\"og:type\" content=\"article\" \/>\n<meta property=\"og:title\" content=\"Interinos Castilla y Le\u00f3n. Bolsa de trabajo extraordinaria Lat\u00edn - Campuseducacion.com\" \/>\n<meta property=\"og:description\" content=\"La Direcci\u00f3n Provincial de Educaci\u00f3n de Valladolid publica la Resoluci\u00f3n de 15 de septiembre 2016 convocando la elaboraci\u00f3n de una lista extraordinaria de\" \/>\n<meta property=\"og:url\" content=\"https:\/\/www.campuseducacion.com\/blog\/interinos\/profesores-interinos-castilla-y-leon-bolsa-de-trabajo-extraordinaria-para-latin\/\" \/>\n<meta property=\"og:site_name\" content=\"BLOG Noticias Oposiciones y bolsas Trabajo Interinos. Campuseducacion.com\" \/>\n<meta property=\"article:publisher\" content=\"https:\/\/www.facebook.com\/Campuseducacion.es\" \/>\n<meta property=\"article:author\" content=\"https:\/\/www.facebook.com\/Campuseducacion.es\" \/>\n<meta property=\"article:published_time\" content=\"2016-09-16T16:56:10+00:00\" \/>\n<meta property=\"article:modified_time\" content=\"2017-04-24T09:36:07+00:00\" \/>\n<meta property=\"og:image\" content=\"https:\/\/www.campuseducacion.com\/blog\/wp-content\/uploads\/2016\/02\/cyleon.jpg\" \/>\n\t<meta property=\"og:image:width\" content=\"1200\" \/>\n\t<meta property=\"og:image:height\" content=\"627\" \/>\n\t<meta property=\"og:image:type\" content=\"image\/jpeg\" \/>\n<meta name=\"author\" content=\"Campuseducacion.com\" \/>\n<meta name=\"twitter:card\" content=\"summary_large_image\" \/>\n<meta name=\"twitter:creator\" content=\"@https:\/\/twitter.com\/Campuseducacion\" \/>\n<meta name=\"twitter:site\" content=\"@Campuseducacion\" \/>\n<meta name=\"twitter:label1\" content=\"Escrito por\" \/>\n\t<meta name=\"twitter:data1\" content=\"Campuseducacion.com\" \/>\n<script type=\"application\/ld+json\" class=\"yoast-schema-graph\">{\"@context\":\"https:\\\/\\\/schema.org\",\"@graph\":[{\"@type\":\"Article\",\"@id\":\"https:\\\/\\\/www.campuseducacion.com\\\/blog\\\/interinos\\\/profesores-interinos-castilla-y-leon-bolsa-de-trabajo-extraordinaria-para-latin\\\/#article\",\"isPartOf\":{\"@id\":\"https:\\\/\\\/www.campuseducacion.com\\\/blog\\\/interinos\\\/profesores-interinos-castilla-y-leon-bolsa-de-trabajo-extraordinaria-para-latin\\\/\"},\"author\":{\"name\":\"Campuseducacion.com\",\"@id\":\"https:\\\/\\\/www.campuseducacion.com\\\/blog\\\/#\\\/schema\\\/person\\\/62fa9d1bd01a38844a0fea68cbbc9f3f\"},\"headline\":\"Interinos Castilla y Le\u00f3n. Bolsa de trabajo extraordinaria Lat\u00edn\",\"datePublished\":\"2016-09-16T16:56:10+00:00\",\"dateModified\":\"2017-04-24T09:36:07+00:00\",\"mainEntityOfPage\":{\"@id\":\"https:\\\/\\\/www.campuseducacion.com\\\/blog\\\/interinos\\\/profesores-interinos-castilla-y-leon-bolsa-de-trabajo-extraordinaria-para-latin\\\/\"},\"wordCount\":94,\"commentCount\":0,\"image\":{\"@id\":\"https:\\\/\\\/www.campuseducacion.com\\\/blog\\\/interinos\\\/profesores-interinos-castilla-y-leon-bolsa-de-trabajo-extraordinaria-para-latin\\\/#primaryimage\"},\"thumbnailUrl\":\"https:\\\/\\\/www.campuseducacion.com\\\/blog\\\/wp-content\\\/uploads\\\/2016\\\/02\\\/cyleon.jpg\",\"articleSection\":[\"Bolsas Castilla y Le\u00f3n\",\"Bolsas de Trabajo para Interinos Maestros y Profesores\",\"Bolsas Trabajo Secundaria\",\"Interinos\",\"Oposiciones Castilla y Le\u00f3n\"],\"inLanguage\":\"es\",\"potentialAction\":[{\"@type\":\"CommentAction\",\"name\":\"Comment\",\"target\":[\"https:\\\/\\\/www.campuseducacion.com\\\/blog\\\/interinos\\\/profesores-interinos-castilla-y-leon-bolsa-de-trabajo-extraordinaria-para-latin\\\/#respond\"]}]},{\"@type\":\"WebPage\",\"@id\":\"https:\\\/\\\/www.campuseducacion.com\\\/blog\\\/interinos\\\/profesores-interinos-castilla-y-leon-bolsa-de-trabajo-extraordinaria-para-latin\\\/\",\"url\":\"https:\\\/\\\/www.campuseducacion.com\\\/blog\\\/interinos\\\/profesores-interinos-castilla-y-leon-bolsa-de-trabajo-extraordinaria-para-latin\\\/\",\"name\":\"Interinos Castilla y Le\u00f3n. Bolsa de trabajo extraordinaria Lat\u00edn - Campuseducacion.com\",\"isPartOf\":{\"@id\":\"https:\\\/\\\/www.campuseducacion.com\\\/blog\\\/#website\"},\"primaryImageOfPage\":{\"@id\":\"https:\\\/\\\/www.campuseducacion.com\\\/blog\\\/interinos\\\/profesores-interinos-castilla-y-leon-bolsa-de-trabajo-extraordinaria-para-latin\\\/#primaryimage\"},\"image\":{\"@id\":\"https:\\\/\\\/www.campuseducacion.com\\\/blog\\\/interinos\\\/profesores-interinos-castilla-y-leon-bolsa-de-trabajo-extraordinaria-para-latin\\\/#primaryimage\"},\"thumbnailUrl\":\"https:\\\/\\\/www.campuseducacion.com\\\/blog\\\/wp-content\\\/uploads\\\/2016\\\/02\\\/cyleon.jpg\",\"datePublished\":\"2016-09-16T16:56:10+00:00\",\"dateModified\":\"2017-04-24T09:36:07+00:00\",\"author\":{\"@id\":\"https:\\\/\\\/www.campuseducacion.com\\\/blog\\\/#\\\/schema\\\/person\\\/62fa9d1bd01a38844a0fea68cbbc9f3f\"},\"description\":\"La Direcci\u00f3n Provincial de Educaci\u00f3n de Valladolid publica la Resoluci\u00f3n de 15 de septiembre 2016 convocando la elaboraci\u00f3n de una lista extraordinaria de\",\"breadcrumb\":{\"@id\":\"https:\\\/\\\/www.campuseducacion.com\\\/blog\\\/interinos\\\/profesores-interinos-castilla-y-leon-bolsa-de-trabajo-extraordinaria-para-latin\\\/#breadcrumb\"},\"inLanguage\":\"es\",\"potentialAction\":[{\"@type\":\"ReadAction\",\"target\":[\"https:\\\/\\\/www.campuseducacion.com\\\/blog\\\/interinos\\\/profesores-interinos-castilla-y-leon-bolsa-de-trabajo-extraordinaria-para-latin\\\/\"]}]},{\"@type\":\"ImageObject\",\"inLanguage\":\"es\",\"@id\":\"https:\\\/\\\/www.campuseducacion.com\\\/blog\\\/interinos\\\/profesores-interinos-castilla-y-leon-bolsa-de-trabajo-extraordinaria-para-latin\\\/#primaryimage\",\"url\":\"https:\\\/\\\/www.campuseducacion.com\\\/blog\\\/wp-content\\\/uploads\\\/2016\\\/02\\\/cyleon.jpg\",\"contentUrl\":\"https:\\\/\\\/www.campuseducacion.com\\\/blog\\\/wp-content\\\/uploads\\\/2016\\\/02\\\/cyleon.jpg\",\"width\":1200,\"height\":627,\"caption\":\"bandera castilla y le\u00f3n\"},{\"@type\":\"BreadcrumbList\",\"@id\":\"https:\\\/\\\/www.campuseducacion.com\\\/blog\\\/interinos\\\/profesores-interinos-castilla-y-leon-bolsa-de-trabajo-extraordinaria-para-latin\\\/#breadcrumb\",\"itemListElement\":[{\"@type\":\"ListItem\",\"position\":1,\"name\":\"Portada\",\"item\":\"https:\\\/\\\/www.campuseducacion.com\\\/blog\\\/\"},{\"@type\":\"ListItem\",\"position\":2,\"name\":\"Interinos Castilla y Le\u00f3n. Bolsa de trabajo extraordinaria Lat\u00edn\"}]},{\"@type\":\"WebSite\",\"@id\":\"https:\\\/\\\/www.campuseducacion.com\\\/blog\\\/#website\",\"url\":\"https:\\\/\\\/www.campuseducacion.com\\\/blog\\\/\",\"name\":\"BLOG Noticias Oposiciones y bolsas Trabajo Interinos. Campuseducacion.com\",\"description\":\"Actualidad en Oposiciones Maestros de Infantil Primaria y Profesores Secundaria\",\"potentialAction\":[{\"@type\":\"SearchAction\",\"target\":{\"@type\":\"EntryPoint\",\"urlTemplate\":\"https:\\\/\\\/www.campuseducacion.com\\\/blog\\\/?s={search_term_string}\"},\"query-input\":{\"@type\":\"PropertyValueSpecification\",\"valueRequired\":true,\"valueName\":\"search_term_string\"}}],\"inLanguage\":\"es\"},{\"@type\":\"Person\",\"@id\":\"https:\\\/\\\/www.campuseducacion.com\\\/blog\\\/#\\\/schema\\\/person\\\/62fa9d1bd01a38844a0fea68cbbc9f3f\",\"name\":\"Campuseducacion.com\",\"image\":{\"@type\":\"ImageObject\",\"inLanguage\":\"es\",\"@id\":\"https:\\\/\\\/www.campuseducacion.com\\\/blog\\\/wp-content\\\/uploads\\\/2013\\\/05\\\/LogoCampusEducacionCuadrado_125px.png\",\"url\":\"https:\\\/\\\/www.campuseducacion.com\\\/blog\\\/wp-content\\\/uploads\\\/2013\\\/05\\\/LogoCampusEducacionCuadrado_125px.png\",\"contentUrl\":\"https:\\\/\\\/www.campuseducacion.com\\\/blog\\\/wp-content\\\/uploads\\\/2013\\\/05\\\/LogoCampusEducacionCuadrado_125px.png\",\"caption\":\"Campuseducacion.com\"},\"description\":\"Campuseducacion.com te ofrece una amplia oferta en cursos homologados a distancia on-line para Oposiciones: cursos v\u00e1lidos para m\u00e9ritos en las Oposiciones de Maestros en Educaci\u00f3n Infantil y Primaria, y Profesores de Educaci\u00f3n Secundaria. Completa tu formaci\u00f3n Tambi\u00e9n para Sexenios y Concurso General de Traslados. Ahora puedes realizar formaci\u00f3n de postgrado para el profesorado con nuestros M\u00e1steres Oficiales Universitarios (1 punto para oposiciones y 3 puntos en Concurso General de Traslados). Consigue importantes descuentos con Campuseducacion.com en tu formaci\u00f3n homologada: 30% para afiliados a ANPE en cursos a distancia.\",\"sameAs\":[\"https:\\\/\\\/www.campuseducacion.com\",\"https:\\\/\\\/www.facebook.com\\\/Campuseducacion.es\",\"https:\\\/\\\/x.com\\\/https:\\\/\\\/twitter.com\\\/Campuseducacion\"],\"url\":\"https:\\\/\\\/www.campuseducacion.com\\\/blog\\\/autores\\\/adminopos\\\/\"}]}<\/script>\n<!-- \/ Yoast SEO plugin. -->","yoast_head_json":{"title":"Interinos Castilla y Le\u00f3n. Bolsa de trabajo extraordinaria Lat\u00edn - Campuseducacion.com","description":"La Direcci\u00f3n Provincial de Educaci\u00f3n de Valladolid publica la Resoluci\u00f3n de 15 de septiembre 2016 convocando la elaboraci\u00f3n de una lista extraordinaria de","robots":{"index":"index","follow":"follow","max-snippet":"max-snippet:-1","max-image-preview":"max-image-preview:large","max-video-preview":"max-video-preview:-1"},"canonical":"https:\/\/www.campuseducacion.com\/blog\/interinos\/profesores-interinos-castilla-y-leon-bolsa-de-trabajo-extraordinaria-para-latin\/","og_locale":"es_ES","og_type":"article","og_title":"Interinos Castilla y Le\u00f3n. Bolsa de trabajo extraordinaria Lat\u00edn - Campuseducacion.com","og_description":"La Direcci\u00f3n Provincial de Educaci\u00f3n de Valladolid publica la Resoluci\u00f3n de 15 de septiembre 2016 convocando la elaboraci\u00f3n de una lista extraordinaria de","og_url":"https:\/\/www.campuseducacion.com\/blog\/interinos\/profesores-interinos-castilla-y-leon-bolsa-de-trabajo-extraordinaria-para-latin\/","og_site_name":"BLOG Noticias Oposiciones y bolsas Trabajo Interinos. Campuseducacion.com","article_publisher":"https:\/\/www.facebook.com\/Campuseducacion.es","article_author":"https:\/\/www.facebook.com\/Campuseducacion.es","article_published_time":"2016-09-16T16:56:10+00:00","article_modified_time":"2017-04-24T09:36:07+00:00","og_image":[{"width":1200,"height":627,"url":"https:\/\/www.campuseducacion.com\/blog\/wp-content\/uploads\/2016\/02\/cyleon.jpg","type":"image\/jpeg"}],"author":"Campuseducacion.com","twitter_card":"summary_large_image","twitter_creator":"@https:\/\/twitter.com\/Campuseducacion","twitter_site":"@Campuseducacion","twitter_misc":{"Escrito por":"Campuseducacion.com"},"schema":{"@context":"https:\/\/schema.org","@graph":[{"@type":"Article","@id":"https:\/\/www.campuseducacion.com\/blog\/interinos\/profesores-interinos-castilla-y-leon-bolsa-de-trabajo-extraordinaria-para-latin\/#article","isPartOf":{"@id":"https:\/\/www.campuseducacion.com\/blog\/interinos\/profesores-interinos-castilla-y-leon-bolsa-de-trabajo-extraordinaria-para-latin\/"},"author":{"name":"Campuseducacion.com","@id":"https:\/\/www.campuseducacion.com\/blog\/#\/schema\/person\/62fa9d1bd01a38844a0fea68cbbc9f3f"},"headline":"Interinos Castilla y Le\u00f3n. Bolsa de trabajo extraordinaria Lat\u00edn","datePublished":"2016-09-16T16:56:10+00:00","dateModified":"2017-04-24T09:36:07+00:00","mainEntityOfPage":{"@id":"https:\/\/www.campuseducacion.com\/blog\/interinos\/profesores-interinos-castilla-y-leon-bolsa-de-trabajo-extraordinaria-para-latin\/"},"wordCount":94,"commentCount":0,"image":{"@id":"https:\/\/www.campuseducacion.com\/blog\/interinos\/profesores-interinos-castilla-y-leon-bolsa-de-trabajo-extraordinaria-para-latin\/#primaryimage"},"thumbnailUrl":"https:\/\/www.campuseducacion.com\/blog\/wp-content\/uploads\/2016\/02\/cyleon.jpg","articleSection":["Bolsas Castilla y Le\u00f3n","Bolsas de Trabajo para Interinos Maestros y Profesores","Bolsas Trabajo Secundaria","Interinos","Oposiciones Castilla y Le\u00f3n"],"inLanguage":"es","potentialAction":[{"@type":"CommentAction","name":"Comment","target":["https:\/\/www.campuseducacion.com\/blog\/interinos\/profesores-interinos-castilla-y-leon-bolsa-de-trabajo-extraordinaria-para-latin\/#respond"]}]},{"@type":"WebPage","@id":"https:\/\/www.campuseducacion.com\/blog\/interinos\/profesores-interinos-castilla-y-leon-bolsa-de-trabajo-extraordinaria-para-latin\/","url":"https:\/\/www.campuseducacion.com\/blog\/interinos\/profesores-interinos-castilla-y-leon-bolsa-de-trabajo-extraordinaria-para-latin\/","name":"Interinos Castilla y Le\u00f3n. Bolsa de trabajo extraordinaria Lat\u00edn - Campuseducacion.com","isPartOf":{"@id":"https:\/\/www.campuseducacion.com\/blog\/#website"},"primaryImageOfPage":{"@id":"https:\/\/www.campuseducacion.com\/blog\/interinos\/profesores-interinos-castilla-y-leon-bolsa-de-trabajo-extraordinaria-para-latin\/#primaryimage"},"image":{"@id":"https:\/\/www.campuseducacion.com\/blog\/interinos\/profesores-interinos-castilla-y-leon-bolsa-de-trabajo-extraordinaria-para-latin\/#primaryimage"},"thumbnailUrl":"https:\/\/www.campuseducacion.com\/blog\/wp-content\/uploads\/2016\/02\/cyleon.jpg","datePublished":"2016-09-16T16:56:10+00:00","dateModified":"2017-04-24T09:36:07+00:00","author":{"@id":"https:\/\/www.campuseducacion.com\/blog\/#\/schema\/person\/62fa9d1bd01a38844a0fea68cbbc9f3f"},"description":"La Direcci\u00f3n Provincial de Educaci\u00f3n de Valladolid publica la Resoluci\u00f3n de 15 de septiembre 2016 convocando la elaboraci\u00f3n de una lista extraordinaria de","breadcrumb":{"@id":"https:\/\/www.campuseducacion.com\/blog\/interinos\/profesores-interinos-castilla-y-leon-bolsa-de-trabajo-extraordinaria-para-latin\/#breadcrumb"},"inLanguage":"es","potentialAction":[{"@type":"ReadAction","target":["https:\/\/www.campuseducacion.com\/blog\/interinos\/profesores-interinos-castilla-y-leon-bolsa-de-trabajo-extraordinaria-para-latin\/"]}]},{"@type":"ImageObject","inLanguage":"es","@id":"https:\/\/www.campuseducacion.com\/blog\/interinos\/profesores-interinos-castilla-y-leon-bolsa-de-trabajo-extraordinaria-para-latin\/#primaryimage","url":"https:\/\/www.campuseducacion.com\/blog\/wp-content\/uploads\/2016\/02\/cyleon.jpg","contentUrl":"https:\/\/www.campuseducacion.com\/blog\/wp-content\/uploads\/2016\/02\/cyleon.jpg","width":1200,"height":627,"caption":"bandera castilla y le\u00f3n"},{"@type":"BreadcrumbList","@id":"https:\/\/www.campuseducacion.com\/blog\/interinos\/profesores-interinos-castilla-y-leon-bolsa-de-trabajo-extraordinaria-para-latin\/#breadcrumb","itemListElement":[{"@type":"ListItem","position":1,"name":"Portada","item":"https:\/\/www.campuseducacion.com\/blog\/"},{"@type":"ListItem","position":2,"name":"Interinos Castilla y Le\u00f3n. Bolsa de trabajo extraordinaria Lat\u00edn"}]},{"@type":"WebSite","@id":"https:\/\/www.campuseducacion.com\/blog\/#website","url":"https:\/\/www.campuseducacion.com\/blog\/","name":"BLOG Noticias Oposiciones y bolsas Trabajo Interinos. Campuseducacion.com","description":"Actualidad en Oposiciones Maestros de Infantil Primaria y Profesores Secundaria","potentialAction":[{"@type":"SearchAction","target":{"@type":"EntryPoint","urlTemplate":"https:\/\/www.campuseducacion.com\/blog\/?s={search_term_string}"},"query-input":{"@type":"PropertyValueSpecification","valueRequired":true,"valueName":"search_term_string"}}],"inLanguage":"es"},{"@type":"Person","@id":"https:\/\/www.campuseducacion.com\/blog\/#\/schema\/person\/62fa9d1bd01a38844a0fea68cbbc9f3f","name":"Campuseducacion.com","image":{"@type":"ImageObject","inLanguage":"es","@id":"https:\/\/www.campuseducacion.com\/blog\/wp-content\/uploads\/2013\/05\/LogoCampusEducacionCuadrado_125px.png","url":"https:\/\/www.campuseducacion.com\/blog\/wp-content\/uploads\/2013\/05\/LogoCampusEducacionCuadrado_125px.png","contentUrl":"https:\/\/www.campuseducacion.com\/blog\/wp-content\/uploads\/2013\/05\/LogoCampusEducacionCuadrado_125px.png","caption":"Campuseducacion.com"},"description":"Campuseducacion.com te ofrece una amplia oferta en cursos homologados a distancia on-line para Oposiciones: cursos v\u00e1lidos para m\u00e9ritos en las Oposiciones de Maestros en Educaci\u00f3n Infantil y Primaria, y Profesores de Educaci\u00f3n Secundaria. Completa tu formaci\u00f3n Tambi\u00e9n para Sexenios y Concurso General de Traslados. Ahora puedes realizar formaci\u00f3n de postgrado para el profesorado con nuestros M\u00e1steres Oficiales Universitarios (1 punto para oposiciones y 3 puntos en Concurso General de Traslados). Consigue importantes descuentos con Campuseducacion.com en tu formaci\u00f3n homologada: 30% para afiliados a ANPE en cursos a distancia.","sameAs":["https:\/\/www.campuseducacion.com","https:\/\/www.facebook.com\/Campuseducacion.es","https:\/\/x.com\/https:\/\/twitter.com\/Campuseducacion"],"url":"https:\/\/www.campuseducacion.com\/blog\/autores\/adminopos\/"}]}},"amp_enabled":true,"_links":{"self":[{"href":"https:\/\/www.campuseducacion.com\/blog\/wp-json\/wp\/v2\/posts\/7717","targetHints":{"allow":["GET"]}}],"collection":[{"href":"https:\/\/www.campuseducacion.com\/blog\/wp-json\/wp\/v2\/posts"}],"about":[{"href":"https:\/\/www.campuseducacion.com\/blog\/wp-json\/wp\/v2\/types\/post"}],"author":[{"embeddable":true,"href":"https:\/\/www.campuseducacion.com\/blog\/wp-json\/wp\/v2\/users\/2"}],"replies":[{"embeddable":true,"href":"https:\/\/www.campuseducacion.com\/blog\/wp-json\/wp\/v2\/comments?post=7717"}],"version-history":[{"count":3,"href":"https:\/\/www.campuseducacion.com\/blog\/wp-json\/wp\/v2\/posts\/7717\/revisions"}],"predecessor-version":[{"id":8604,"href":"https:\/\/www.campuseducacion.com\/blog\/wp-json\/wp\/v2\/posts\/7717\/revisions\/8604"}],"wp:featuredmedia":[{"embeddable":true,"href":"https:\/\/www.campuseducacion.com\/blog\/wp-json\/wp\/v2\/media\/6229"}],"wp:attachment":[{"href":"https:\/\/www.campuseducacion.com\/blog\/wp-json\/wp\/v2\/media?parent=7717"}],"wp:term":[{"taxonomy":"category","embeddable":true,"href":"https:\/\/www.campuseducacion.com\/blog\/wp-json\/wp\/v2\/categories?post=7717"},{"taxonomy":"post_tag","embeddable":true,"href":"https:\/\/www.campuseducacion.com\/blog\/wp-json\/wp\/v2\/tags?post=7717"}],"curies":[{"name":"wp","href":"https:\/\/api.w.org\/{rel}","templated":true}]}}